{"id":158272,"date":"2025-06-07T11:32:11","date_gmt":"2025-06-07T11:32:11","guid":{"rendered":"https:\/\/www.europesays.com\/fr\/158272\/"},"modified":"2025-06-07T11:32:11","modified_gmt":"2025-06-07T11:32:11","slug":"des-nouveautes-dans-le-football-a-la-coupe-du-monde-des-clubs","status":"publish","type":"post","link":"https:\/\/www.europesays.com\/fr\/158272\/","title":{"rendered":"Des nouveaut\u00e9s dans le football \u00e0 la Coupe du Monde des Clubs !"},"content":{"rendered":"<p><strong>Cet \u00e9t\u00e9, la premi\u00e8re Coupe du Monde des Clubs va se jouer aux Etats-Unis du 15 juin au 13 juillet. Cette comp\u00e9tition, \u00e0 laquelle le Paris Saint-Germain va participer, sera l\u2019occasion pour la FIFA de lancer certaines innovations dans le football de haut niveau (test\u00e9es \u00e0 d\u2019autres occasions auparavant). Le journaliste Ben Jacobs a fait la liste :<\/strong><\/p>\n<blockquote class=\"twitter-tweet\">\n<p dir=\"ltr\" lang=\"en\">The Club World Cup will see a range of new innovations this summer.\ud83c\udfc6<\/p>\n<p>1\u20e3 Referees will wear body cameras with the footage used on live match broadcasts.<\/p>\n<p>2\u20e3 Footage from referee monitor reviews will be aired live in stadiums.<\/p>\n<p>3\u20e3 Advanced semi-automated offside technology will\u2026 <a href=\"https:\/\/t.co\/9YLTffZc2H\" rel=\"nofollow\">pic.twitter.com\/9YLTffZc2H<\/a><\/p>\n<p>\u2014 Ben Jacobs (@JacobsBen) <a href=\"https:\/\/twitter.com\/JacobsBen\/status\/1931071091989991526?ref_src=twsrc%5Etfw\" rel=\"nofollow noopener\" target=\"_blank\">June 6, 2025<\/a><\/p>\n<\/blockquote>\n<blockquote>\n<p>\u00ab\u00a0La Coupe du monde des clubs sera marqu\u00e9e par une s\u00e9rie d\u2019innovations cet \u00e9t\u00e9.\ud83c\udfc6<\/p>\n<p>1\u20e3 Les arbitres porteront des cam\u00e9ras corporelles dont les images seront diffus\u00e9es en direct.<\/p>\n<p>2\u20e3 Les images des contr\u00f4les des arbitres (VAR) seront diffus\u00e9es en direct dans les stades.<\/p>\n<p>3\u20e3 Une technologie avanc\u00e9e de hors-jeu semi-automatique sera utilis\u00e9e. Les ballons seront \u00e9quip\u00e9s d\u2019un capteur.<\/p>\n<p>4\u20e3 L\u2019IA sera utilis\u00e9e pour collecter des donn\u00e9es de match en direct dans le cadre du partenariat de la FIFA avec Hawk-Eye.<\/p>\n<p>5\u20e3 Les remplacements seront demand\u00e9s sur une tablette num\u00e9rique plut\u00f4t que sur des fiches papier.\u00a0\u00bb<\/p>\n<\/blockquote>\n<p>Comme pour tous les changements, il y a forc\u00e9ment des sceptiques et d\u2019autres qui se concentrent sur les possibles avantages. On se souvient des grands d\u00e9bats suscit\u00e9s par l\u2019arriv\u00e9e des 5 changements (au lieu de 3), alors que cela semble \u00eatre tr\u00e8s bien accept\u00e9 aujourd\u2019hui.<\/p>\n<p>On attend surtout de voir les matchs pour \u00e9mettre un possible jugement. Ces id\u00e9es ne sont pas venues au hasard et la mise en place dans cette Coupe du Monde des Clubs est un choix fort de la FIFA. Reste \u00e0 voir si les rencontres et le ressenti donnera raison \u00e0 cette confiance. On esp\u00e8re \u00e9videmment des matchs qui restent fluides, en \u00e9vitant les pol\u00e9miques et pourquoi pas r\u00e9ussir \u00e0 \u00eatre \u00ab\u00a0plus proches\u00a0\u00bb des acteurs du match.<\/p>\n<p>\t\t\t\t\t\t\t\t\t\t\t\t\t\t\t\t\t\t\t\t\t\t\t<img decoding=\"async\" src=\"https:\/\/www.europesays.com\/fr\/wp-content\/uploads\/2025\/04\/ParisFans_Logo.png\"\/><\/p>\n<p>\t\t\t\t\t\t\t\t<script async src=\"https:\/\/platform.twitter.com\/widgets.js\" charset=\"utf-8\"><\/script><\/p>\n","protected":false},"excerpt":{"rendered":"Cet \u00e9t\u00e9, la premi\u00e8re Coupe du Monde des Clubs va se jouer aux Etats-Unis du 15 juin au&hellip;\n","protected":false},"author":2,"featured_media":158273,"comment_status":"","ping_status":"","sticky":false,"template":"","format":"standard","meta":{"footnotes":""},"categories":[1410],"tags":[7151,63,1011,27,60,96],"class_list":{"0":"post-158272","1":"post","2":"type-post","3":"status-publish","4":"format-standard","5":"has-post-thumbnail","7":"category-football","8":"tag-coupe-du-monde-des-clubs","9":"tag-football","10":"tag-fr","11":"tag-france","12":"tag-sports","13":"tag-une"},"share_on_mastodon":{"url":"https:\/\/pubeurope.com\/@fr\/114641865525303478","error":""},"_links":{"self":[{"href":"https:\/\/www.europesays.com\/fr\/wp-json\/wp\/v2\/posts\/158272","targetHints":{"allow":["GET"]}}],"collection":[{"href":"https:\/\/www.europesays.com\/fr\/wp-json\/wp\/v2\/posts"}],"about":[{"href":"https:\/\/www.europesays.com\/fr\/wp-json\/wp\/v2\/types\/post"}],"author":[{"embeddable":true,"href":"https:\/\/www.europesays.com\/fr\/wp-json\/wp\/v2\/users\/2"}],"replies":[{"embeddable":true,"href":"https:\/\/www.europesays.com\/fr\/wp-json\/wp\/v2\/comments?post=158272"}],"version-history":[{"count":0,"href":"https:\/\/www.europesays.com\/fr\/wp-json\/wp\/v2\/posts\/158272\/revisions"}],"wp:featuredmedia":[{"embeddable":true,"href":"https:\/\/www.europesays.com\/fr\/wp-json\/wp\/v2\/media\/158273"}],"wp:attachment":[{"href":"https:\/\/www.europesays.com\/fr\/wp-json\/wp\/v2\/media?parent=158272"}],"wp:term":[{"taxonomy":"category","embeddable":true,"href":"https:\/\/www.europesays.com\/fr\/wp-json\/wp\/v2\/categories?post=158272"},{"taxonomy":"post_tag","embeddable":true,"href":"https:\/\/www.europesays.com\/fr\/wp-json\/wp\/v2\/tags?post=158272"}],"curies":[{"name":"wp","href":"https:\/\/api.w.org\/{rel}","templated":true}]}}