{"id":158278,"date":"2025-06-07T11:35:10","date_gmt":"2025-06-07T11:35:10","guid":{"rendered":"https:\/\/www.europesays.com\/fr\/158278\/"},"modified":"2025-06-07T11:35:10","modified_gmt":"2025-06-07T11:35:10","slug":"nelly-duplouy-une-ecrivaine-a-decouvrir-dans-le-loudunais","status":"publish","type":"post","link":"https:\/\/www.europesays.com\/fr\/158278\/","title":{"rendered":"Nelly Duplouy, une \u00e9crivaine \u00e0 d\u00e9couvrir dans le Loudunais"},"content":{"rendered":"<p>Nelly Duplouy a publi\u00e9 trois<a target=\"_self\" href=\"https:\/\/www.lanouvellerepublique.fr\/loudun\/loudun-les-chroniques-intranquilles-de-nelly-duplouy\" rel=\"noopener\"> livres de chroniques<\/a> dont l\u2019un remarqu\u00e9 par le journaliste et \u00e9crivain, J\u00e9r\u00f4me Garcin, qui tient un bloc-notes culturel dans le Nouvel Obs.<\/p>\n<p>Dans son dernier livre D\u00e9j\u00e0 la vie gifl\u00e9e\u2026 et puis\u2026, Nelly Duplouy relate la vie d\u2019une lyc\u00e9enne qui \u00ab confie ses blessures entre le silence des adultes incapables d\u2019empathie et la trahison inattendue d\u2019une amie \u00bb&#8230;. <\/p>\n<p>    Cet article a \u00e9t\u00e9 tronqu\u00e9. Abonnez-vous pour lire l&rsquo;article complet sur notre site.<\/p>\n<p style=\"margin: 0 !important; padding: 0 !important; font-size: 12px !important;\">Cet article a \u00e9t\u00e9 tronqu\u00e9. Abonnez-vous pour lire l&rsquo;article complet.<\/p>\n<p>    <a href=\"https:\/\/www.lanouvellerepublique.fr\/abonnements\" style=\"display: inline-block; margin-top: 5px !important; padding: 6px 12px !important; background: #cb1c27; color: white; text-decoration: none; border-radius: 4px; font-size: 12px !important;\" target=\"_blank\" rel=\"noopener\"><br \/>\n      S&rsquo;abonner<br \/>\n    <\/a><\/p>\n","protected":false},"excerpt":{"rendered":"Nelly Duplouy a publi\u00e9 trois livres de chroniques dont l\u2019un remarqu\u00e9 par le journaliste et \u00e9crivain, J\u00e9r\u00f4me Garcin,&hellip;\n","protected":false},"author":2,"featured_media":158279,"comment_status":"","ping_status":"","sticky":false,"template":"","format":"standard","meta":{"footnotes":""},"categories":[1357],"tags":[1392,28934,1379,1674,58,1057,59,1011,27,1380,1393,13686,1584],"class_list":{"0":"post-158278","1":"post","2":"type-post","3":"status-publish","4":"format-standard","5":"has-post-thumbnail","7":"category-livres","8":"tag-a-la-une-local","9":"tag-arcay","10":"tag-books","11":"tag-communes","12":"tag-divertissement","13":"tag-education","14":"tag-entertainment","15":"tag-fr","16":"tag-france","17":"tag-livres","18":"tag-loisirs","19":"tag-loudun","20":"tag-vienne"},"share_on_mastodon":{"url":"https:\/\/pubeurope.com\/@fr\/114641877548092656","error":""},"_links":{"self":[{"href":"https:\/\/www.europesays.com\/fr\/wp-json\/wp\/v2\/posts\/158278","targetHints":{"allow":["GET"]}}],"collection":[{"href":"https:\/\/www.europesays.com\/fr\/wp-json\/wp\/v2\/posts"}],"about":[{"href":"https:\/\/www.europesays.com\/fr\/wp-json\/wp\/v2\/types\/post"}],"author":[{"embeddable":true,"href":"https:\/\/www.europesays.com\/fr\/wp-json\/wp\/v2\/users\/2"}],"replies":[{"embeddable":true,"href":"https:\/\/www.europesays.com\/fr\/wp-json\/wp\/v2\/comments?post=158278"}],"version-history":[{"count":0,"href":"https:\/\/www.europesays.com\/fr\/wp-json\/wp\/v2\/posts\/158278\/revisions"}],"wp:featuredmedia":[{"embeddable":true,"href":"https:\/\/www.europesays.com\/fr\/wp-json\/wp\/v2\/media\/158279"}],"wp:attachment":[{"href":"https:\/\/www.europesays.com\/fr\/wp-json\/wp\/v2\/media?parent=158278"}],"wp:term":[{"taxonomy":"category","embeddable":true,"href":"https:\/\/www.europesays.com\/fr\/wp-json\/wp\/v2\/categories?post=158278"},{"taxonomy":"post_tag","embeddable":true,"href":"https:\/\/www.europesays.com\/fr\/wp-json\/wp\/v2\/tags?post=158278"}],"curies":[{"name":"wp","href":"https:\/\/api.w.org\/{rel}","templated":true}]}}