{"id":158280,"date":"2025-06-07T11:36:31","date_gmt":"2025-06-07T11:36:31","guid":{"rendered":"https:\/\/www.europesays.com\/fr\/158280\/"},"modified":"2025-06-07T11:36:31","modified_gmt":"2025-06-07T11:36:31","slug":"surprise-cristina-cordula-va-remplacer-camille-combal-a-lanimation-de-mask-singer","status":"publish","type":"post","link":"https:\/\/www.europesays.com\/fr\/158280\/","title":{"rendered":"Surprise, Cristina Cordula va remplacer Camille Combal \u00e0 l&rsquo;animation de \u00ab\u00a0Mask Singer\u00a0\u00bb"},"content":{"rendered":"<p>      R\u00e9sum\u00e9<\/p>\n<p>Cristina Cordula est annonc\u00e9e pour remplacer Camille Combal lors de la tourn\u00e9e de Mask Singer, mais plusieurs dates sont annul\u00e9es ou repouss\u00e9es, suscitant des interrogations.<\/p>\n<p>        Sommaire<\/p>\n<p>Voil\u00e0 depuis sept saisons que Camille Combal <strong>anime avec brio le show Mask Singer<\/strong>. Alors <a href=\"https:\/\/www.public.fr\/mask-singer-la-saison-7-nest-pas-finie-mais-les-tournages-de-la-saison-8-demarrent-deja\" target=\"_blank\" rel=\"noopener\">qu&rsquo;une nouvelle saison a d&rsquo;ores et d\u00e9j\u00e0 \u00e9t\u00e9 officialis\u00e9e<\/a> et sera tourn\u00e9e cet \u00e9t\u00e9 pour une diffusion pr\u00e9vue \u00e0 la rentr\u00e9e prochaine, une annonce de taille a \u00e9t\u00e9 faite par l&rsquo;animateur lors de l&rsquo;\u00e9mission diffus\u00e9e ce vendredi 6 juin sur TF1. En effet, <strong>Camille Combal recevait Cristina Cordula comme enqu\u00eatrice<\/strong>, et l&rsquo;animatrice avait quelque chose d&rsquo;important \u00e0 annoncer aux t\u00e9l\u00e9spectateurs&#8230;<\/p>\n<p>Apr\u00e8s <a href=\"https:\/\/www.public.fr\/mask-singer-toujours-sans-contrat-cet-enqueteur-emblematique-pourrait-quitter-le-programme\" target=\"_blank\" rel=\"noopener\">Laurent Ruquier<\/a>, qui a remplac\u00e9 Camille Combal \u00e0 l&rsquo;animation de L&rsquo;enqu\u00eate continue en troisi\u00e8me partie de soir\u00e9e, <strong>Cristina Cordula va elle aussi endosser le r\u00f4le de joker<\/strong> ! L&rsquo;ex-animatrice des Reines du shopping a annonc\u00e9 qu&rsquo;elle allait animer <a href=\"https:\/\/www.public.fr\/mask-singer-part-en-tournee-avec-10-personnages-emblematiques\" target=\"_blank\" rel=\"noopener\">la grande tourn\u00e9e de Mask Singer<\/a> \u00e0 travers la France. Plusieurs dates ont \u00e9t\u00e9 officialis\u00e9es \u00e0 l&rsquo;antenne, mais <strong>nombreuses d&rsquo;entre elles seraient en r\u00e9alit\u00e9 annul\u00e9es<\/strong>&#8230;<\/p>\n<p>La tourn\u00e9e aura-t-elle vraiment lieu ?<\/p>\n<p>En effet, comme le r\u00e9v\u00e8le le mail qu&rsquo;a re\u00e7u un spectateur lyonnais et que le blogueur Cl\u00e9ment Garin a relay\u00e9 sur son compte X, <strong>le concert qui \u00e9tait cens\u00e9 \u00eatre rendu fin septembre \u00e0 Lyon est purement annul\u00e9<\/strong>, et sans raison donn\u00e9e : \u00ab\u00a0La manifestation Mask Singer qui devait avoir lieu le samedi 20 septembre 2025 \u00e0 14h \u00e0 L&rsquo;amphith\u00e9\u00e2tre &#8211; Lyon a \u00e9t\u00e9 annul\u00e9e par l&rsquo;organisateur. Aucun report n&rsquo;est pr\u00e9vu suite \u00e0 cette annulation et les billets vont pouvoir vous \u00eatre rembours\u00e9s\u00a0\u00bb.<\/p>\n<blockquote class=\"twitter-tweet\"><p>&#13;<\/p>\n<p>Tweet relatif \u00e0 Surprise, Cristina Cordula va remplacer Camille Combal \u00e0 l&rsquo;animation de \u00ab\u00a0Mask Singer\u00a0\u00bb<\/p>\n<p>&#13;<br \/>\n        <a href=\"https:\/\/twitter.com\/clem_garin\/status\/1931241306082132200\" target=\"_blank\" rel=\"noopener\">&#13;<br \/>\n            Voir cette publication sur Twitter&#13;<br \/>\n        <\/a>&#13;\n    <\/p><\/blockquote>\n<p>Les prochaines dates de \u00ab\u00a0Mask Singer\u00a0\u00bb&#8230; repouss\u00e9es \u00e0 2027<\/p>\n<p>De la m\u00eame mani\u00e8re, sur les sites de spectacles, seules deux dates sont encore affich\u00e9es. En effet, le concert de <strong>Paris le 18 octobre<\/strong> (jour du probable lancement de <a href=\"https:\/\/vsd.fr\/81877-michael-goldman-bye-bye-la-star-academy-ce-proche-de-slimane-qui-pourrait-le-remplacer\/\" target=\"_blank\" rel=\"noopener\">la prochaine \u00e9dition de la Star Academy<\/a>) et celui de Bordeaux le 25 sont maintenus. Toutes les autres dates, \u00e0 Marseille, Lille, Lyon, Nantes, Li\u00e8ge, Amn\u00e9ville, Strasbourg, Montpellier et Toulouse <strong>ont \u00e9t\u00e9 supprim\u00e9es<\/strong>. <strong>Certaines d&rsquo;entre elles ont toutefois \u00e9t\u00e9 repouss\u00e9es\u2026 \u00e0 l&rsquo;hiver 2027<\/strong> ! Alors, <a href=\"https:\/\/www.public.fr\/cristina-cordula-completement-transformee-nouveau-look-pour-une-nouvelle-vie\" target=\"_blank\" rel=\"noopener\">Cristina Cordula<\/a> va-t-elle vraiment animer la tourn\u00e9e de Mask Singer ? Si oui, celle-ci sera tr\u00e8s rapide !<\/p>\n<p>      Mentionn\u00e9s dans cet article<\/p>\n<p>\u00c0 lire aussi<\/p>\n<p><script async src=\"https:\/\/platform.twitter.com\/widgets.js\" charset=\"utf-8\"><\/script><\/p>\n","protected":false},"excerpt":{"rendered":"R\u00e9sum\u00e9 Cristina Cordula est annonc\u00e9e pour remplacer Camille Combal lors de la tourn\u00e9e de Mask Singer, mais plusieurs&hellip;\n","protected":false},"author":2,"featured_media":158281,"comment_status":"","ping_status":"","sticky":false,"template":"","format":"standard","meta":{"footnotes":""},"categories":[1356],"tags":[193,6788,20865,58,59,1011,27,6787,1759,5983,252,199,4441,1364],"class_list":{"0":"post-158280","1":"post","2":"type-post","3":"status-publish","4":"format-standard","5":"has-post-thumbnail","7":"category-television","8":"tag-camille-combal","9":"tag-chantal-ladesou","10":"tag-cristina-cordula","11":"tag-divertissement","12":"tag-entertainment","13":"tag-fr","14":"tag-france","15":"tag-kev-adams","16":"tag-laurent-ruquier","17":"tag-mask-singer","18":"tag-television","19":"tag-tf1","20":"tag-tournee","21":"tag-tv"},"share_on_mastodon":{"url":"https:\/\/pubeurope.com\/@fr\/114641881205393808","error":""},"_links":{"self":[{"href":"https:\/\/www.europesays.com\/fr\/wp-json\/wp\/v2\/posts\/158280","targetHints":{"allow":["GET"]}}],"collection":[{"href":"https:\/\/www.europesays.com\/fr\/wp-json\/wp\/v2\/posts"}],"about":[{"href":"https:\/\/www.europesays.com\/fr\/wp-json\/wp\/v2\/types\/post"}],"author":[{"embeddable":true,"href":"https:\/\/www.europesays.com\/fr\/wp-json\/wp\/v2\/users\/2"}],"replies":[{"embeddable":true,"href":"https:\/\/www.europesays.com\/fr\/wp-json\/wp\/v2\/comments?post=158280"}],"version-history":[{"count":0,"href":"https:\/\/www.europesays.com\/fr\/wp-json\/wp\/v2\/posts\/158280\/revisions"}],"wp:featuredmedia":[{"embeddable":true,"href":"https:\/\/www.europesays.com\/fr\/wp-json\/wp\/v2\/media\/158281"}],"wp:attachment":[{"href":"https:\/\/www.europesays.com\/fr\/wp-json\/wp\/v2\/media?parent=158280"}],"wp:term":[{"taxonomy":"category","embeddable":true,"href":"https:\/\/www.europesays.com\/fr\/wp-json\/wp\/v2\/categories?post=158280"},{"taxonomy":"post_tag","embeddable":true,"href":"https:\/\/www.europesays.com\/fr\/wp-json\/wp\/v2\/tags?post=158280"}],"curies":[{"name":"wp","href":"https:\/\/api.w.org\/{rel}","templated":true}]}}