{"id":158301,"date":"2025-06-07T11:47:15","date_gmt":"2025-06-07T11:47:15","guid":{"rendered":"https:\/\/www.europesays.com\/fr\/158301\/"},"modified":"2025-06-07T11:47:15","modified_gmt":"2025-06-07T11:47:15","slug":"loire-blues-funk-groove-le-jazz-se-deguste-a-toutes-les-sauces-au-rhino","status":"publish","type":"post","link":"https:\/\/www.europesays.com\/fr\/158301\/","title":{"rendered":"Loire. Blues, funk, groove\u2026 Le jazz se d\u00e9guste \u00e0 toutes les sauces au Rhino"},"content":{"rendered":"<p>  Des jazz tr\u00e8s pluriels<\/p>\n<p>Le festival international de jazz de Rive-de-Gier, cr\u00e9\u00e9 en 1979, a peu \u00e0 peu chang\u00e9 de nom. Un S s\u2019est m\u00eame ajout\u00e9 entre parenth\u00e8ses en 2006 apr\u00e8s le mot Jazz.<\/p>\n<p>Il faut dire que d\u00e8s le d\u00e9part, l\u2019\u00e9v\u00e9nement a toujours glan\u00e9 des richesses musicales un peu partout.<\/p>\n<p>Aujourd\u2019hui, on pourrait rajouter beaucoup de \u00ab\u00a0s\u00a0\u00bb, tant les styles sont nombreux. Il faut croire que, comme ailleurs, le festival a d\u00fb se conformer aux attentes d\u2019un nouveau public.<\/p>\n<p>Il y en a donc pour tous les go\u00fbts au fil des 48 concerts, \u00ab\u00a0avec une volont\u00e9 d\u2019engagement et de sinc\u00e9rit\u00e9\u00a0\u00bb.<\/p>\n<p>On citera par exemple le jazz-funk de Cissy Strat \u00e0 Chamb\u0153uf, le groove-funk de The Brooks \u00e0 Unieux ou le Donny Mc Caslin 4tet, dont on avait d\u00e9j\u00e0 entendu les cr\u00e9ations autour des musiques de David Bowie (au Panassa de Saint-Etienne).<\/p>\n<p>  Une ic\u00f4ne internationale le 10\u00a0octobre \u00e0 Saint-Chamond<\/p>\n<p>\u00ab\u00a0C\u2019est la lumi\u00e8re vive du jazz contemporain\u00a0\u00bb que Ludovic Chazalon, directeur du festival, a choisi d\u2019accueillir avec \u00ab\u00a0Avishai Cohen New trio Brightlight\u00a0\u00bb.<\/p>\n<p>Le contrebassiste et chanteur isra\u00eblien, r\u00e9v\u00e9l\u00e9 au sein du trio de Chick Cor\u00e9a \u00e0 la fin des ann\u00e9es 1990, est devenu l\u2019un des chefs de file du jazz contemporain.<\/p>\n<p>Entour\u00e9 de deux prodiges \u00e2g\u00e9s de vingt ans, le pianiste Itay Simhovich et le batteur Yali Stern, il offre un r\u00e9pertoire sonore f\u00e9cond, entrecroisant les traditions, le classique et l\u2019audace contemporaine.<\/p>\n<p>  On va chanter\u00a0!<\/p>\n<p>De nombreuses voix f\u00e9minines et des ensembles vocaux vont rivaliser de groove. Citons l\u2019Am\u00e9ricaine Linda Lee Hopkins, tr\u00e8s t\u00f4t initi\u00e9e au gospel par son p\u00e8re et qui s\u2019est install\u00e9e \u00e0 Paris d\u00e9but 90. Devenue rapidement une choriste incontournable (Nino Ferrer, Michel Jonasz, Gloria Gaynor ou Ray Charles), elle pr\u00e9sente son deuxi\u00e8me album solo, intitul\u00e9 \u00ab\u00a0Spirit &amp; Soul\u00a0\u00bb, douze compositions inspir\u00e9es de ses racines et de son v\u00e9cu personnel.<\/p>\n<p>Entour\u00e9e de quatre musiciens, voil\u00e0 qui promet une soir\u00e9e dansante, g\u00e9n\u00e9reuse et funky le 15\u00a0octobre \u00e0 Rive-de-Gier.<\/p>\n<p>Autres exemples de jazz vocal avec le March Mallow 5tet, \u00ab\u00a0entre swing et ballades bluesy\u00a0\u00bb \u00e0 Firminy ou le Melina 5tet \u00e0 Feurs, \u00ab\u00a0l\u2019une des tr\u00e8s belles d\u00e9couvertes 2025 du Rhino\u00a0\u00bb.<\/p>\n<p>  Une \u00ab\u00a0folle machine \u00e0 remonter le temps\u00a0\u00bb le 16\u00a0octobre \u00e0 Saint-Etienne<\/p>\n<p>La soir\u00e9e concoct\u00e9e avec le pianiste new-yorkais Scott Bradlee s\u2019annonce jubilatoire. Ce fan de jazz depuis l\u2019enfance \u00ab\u00a0est surtout connu (mondialement\u00a0!) pour avoir retravaill\u00e9 la pop-music et post\u00e9 des videos de ses remakes de tubes eighties sur internet\u00a0\u00bb.<\/p>\n<p>Mais sa vraie diff\u00e9rence, c\u2019est qu\u2019il prend le temps \u00e0 rebours, partant de grands tubes actuels pour les r\u00e9arranger fa\u00e7on vintage. Ainsi, les hits les plus connus de Beyonc\u00e9, Lady Gaga, des Spice Girls ou de Radiohead sont saupoudr\u00e9s de ragtime, soul, swing ou charleston. C\u2019est \u00e0 l\u2019Op\u00e9ra de Saint-Etienne, en partenariat avec C\u2019Kel Prod, que son \u00ab\u00a0Magic &amp; Moonlight tour\u00a0\u00bb fera une escale exceptionnelle, avec les musiciens et chanteuses qui forment son Postmodern Jukebox.<\/p>\n<p>  Du blues toute la nuit le 18\u00a0octobre \u00e0 Saint-Chamond<\/p>\n<p>Justina Lee Brown a trouv\u00e9 dans la musique une \u00e9chappatoire au ghetto de Lagos o\u00f9 elle a v\u00e9cu une jeunesse difficile. Devenue une artiste embl\u00e9matique de la sc\u00e8ne blue-soul africaine, elle a compos\u00e9 six albums en vingt ans. Engag\u00e9e et flamboyante, combinant de nombreuses influences, nul doute qu\u2019avec son sextet elle ne vienne \u00e9lectriser le public.<\/p>\n<p>En seconde partie, attention, l\u00e9gende. Robert Finley, d\u00e9j\u00e0 venu dans la Loire, revient avec \u00ab\u00a0Black Bayou\u00a0\u00bb, laur\u00e9at notamment du grand prix Blues &amp; Soul de l\u2019Acad\u00e9mie Charles Cros en 2023. On ne pr\u00e9sente plus ce Louisianais qui a publi\u00e9 son premier album \u00e0 l\u2019\u00e2ge de soixante-deux ans et dont la vie est aussi bossel\u00e9e que la voix. Il faut aller se fondre dans sa pr\u00e9sence magn\u00e9tique pour s\u2019enivrer d\u2019authentiques \u00e9motions.<\/p>\n<p>  Une journ\u00e9e d\u00e9di\u00e9e au piano \u00e0 Saint-Etienne<\/p>\n<p>Le 1er\u00a0octobre, apr\u00e8s le documentaire de Patrick Savey sur Herbie Hancock, la cin\u00e9math\u00e8que accueille le pianiste Armel Dupas, \u00ab\u00a0au jeu d\u2019une grande int\u00e9riorit\u00e9\u00a0\u00bb.<\/p>\n<p>Puis c\u2019est \u00e0 la galerie Ceysson &amp; B\u00e9n\u00e9ti\u00e8re que se produit Harold Charre, un pianiste et compositeur aussi \u00e0 l\u2019aise avec Gainsbourg qu\u2019Oscar Peterson.<\/p>\n<p>  Un final au Solar<\/p>\n<p>Le pianiste Pierre-Fran\u00e7ois Blanchard et le clarinettiste Thomas Savy, nomm\u00e9s aux Victoires du Jazz en 2024, terminent cette \u00e9dition avec \u00e9l\u00e9gance, dans un \u00ab\u00a0puzzle de compositions o\u00f9 le jazz se combine \u00e0 la musique classique et romantique du XXe\u00a0si\u00e8cle\u00a0\u00bb.<\/p>\n<p class=\"note\">Programmation compl\u00e8te et billetterie sur www.rhinojazz.com<\/p>\n<p class=\"note\">Lancement du festival les 20 et 21\u00a0septembre \u00e0 Sainte-Anne \u00e0 Saint-Chamond, dans le cadre des Journ\u00e9es Europ\u00e9ennes du Patrimoine\u00a0: r\u00e9trospective en images et en musique des ann\u00e9es 1979 \u00e0 2025 et concerts des \u00e9l\u00e8ves des Conservatoires de Saint-Chamond, Saint-Etienne et Rive-de-Gier.<\/p>\n","protected":false},"excerpt":{"rendered":"Des jazz tr\u00e8s pluriels Le festival international de jazz de Rive-de-Gier, cr\u00e9\u00e9 en 1979, a peu \u00e0 peu&hellip;\n","protected":false},"author":2,"featured_media":158302,"comment_status":"","ping_status":"","sticky":false,"template":"","format":"standard","meta":{"footnotes":""},"categories":[9653],"tags":[1111,11,2430,1687,7539,1777,674,1011,27,3367,873,12,25,4001,7538,3140],"class_list":{"0":"post-158301","1":"post","2":"type-post","3":"status-publish","4":"format-standard","5":"has-post-thumbnail","7":"category-saint-etienne","8":"tag-actu","9":"tag-actualites","10":"tag-auvergne-rhone-alpes","11":"tag-culture-loisirs","12":"tag-edition-loire-sud","13":"tag-eu","14":"tag-europe","15":"tag-fr","16":"tag-france","17":"tag-loire","18":"tag-musique","19":"tag-news","20":"tag-republique-francaise","21":"tag-saint-etienne","22":"tag-saint-etienne-ville","23":"tag-spectacle"},"share_on_mastodon":{"url":"https:\/\/pubeurope.com\/@fr\/114641924494399947","error":""},"_links":{"self":[{"href":"https:\/\/www.europesays.com\/fr\/wp-json\/wp\/v2\/posts\/158301","targetHints":{"allow":["GET"]}}],"collection":[{"href":"https:\/\/www.europesays.com\/fr\/wp-json\/wp\/v2\/posts"}],"about":[{"href":"https:\/\/www.europesays.com\/fr\/wp-json\/wp\/v2\/types\/post"}],"author":[{"embeddable":true,"href":"https:\/\/www.europesays.com\/fr\/wp-json\/wp\/v2\/users\/2"}],"replies":[{"embeddable":true,"href":"https:\/\/www.europesays.com\/fr\/wp-json\/wp\/v2\/comments?post=158301"}],"version-history":[{"count":0,"href":"https:\/\/www.europesays.com\/fr\/wp-json\/wp\/v2\/posts\/158301\/revisions"}],"wp:featuredmedia":[{"embeddable":true,"href":"https:\/\/www.europesays.com\/fr\/wp-json\/wp\/v2\/media\/158302"}],"wp:attachment":[{"href":"https:\/\/www.europesays.com\/fr\/wp-json\/wp\/v2\/media?parent=158301"}],"wp:term":[{"taxonomy":"category","embeddable":true,"href":"https:\/\/www.europesays.com\/fr\/wp-json\/wp\/v2\/categories?post=158301"},{"taxonomy":"post_tag","embeddable":true,"href":"https:\/\/www.europesays.com\/fr\/wp-json\/wp\/v2\/tags?post=158301"}],"curies":[{"name":"wp","href":"https:\/\/api.w.org\/{rel}","templated":true}]}}