{"id":158308,"date":"2025-06-07T11:51:10","date_gmt":"2025-06-07T11:51:10","guid":{"rendered":"https:\/\/www.europesays.com\/fr\/158308\/"},"modified":"2025-06-07T11:51:10","modified_gmt":"2025-06-07T11:51:10","slug":"grande-premiere-nationale-a-toulon-des-arrets-de-bus-sont-en-fonction-sur-lautoroute-a57-voici-ce-quil-faut-savoir","status":"publish","type":"post","link":"https:\/\/www.europesays.com\/fr\/158308\/","title":{"rendered":"Grande premi\u00e8re nationale \u00e0 Toulon: des arr\u00eats de bus sont en fonction sur l&rsquo;autoroute A57, voici ce qu&rsquo;il faut savoir"},"content":{"rendered":"<p>C\u2019\u00e9tait l\u2019une des grandes sp\u00e9cificit\u00e9s du chantier. La r\u00e9alisation d\u2019une voie r\u00e9serv\u00e9e aux transports en commun et de plusieurs arr\u00eats de bus sur l\u2019autoroute a fait la fiert\u00e9 des d\u00e9cideurs et des grands patrons de l\u2019op\u00e9ration d\u2019\u00e9largissement lors de l\u2019inauguration, vendredi apr\u00e8s-midi. <\/p>\n<p>\u00ab\u00a0Une grande premi\u00e8re nationale\u00a0\u00bb, ont assur\u00e9 tour \u00e0 tour \u00e9lus locaux, ministre et dirigeants de Vinci, apr\u00e8s avoir test\u00e9 l\u2019\u00e9quipement flambant neuf.<\/p>\n<p>Situ\u00e9s dans le quartier de Sainte-Musse de part et d\u2019autre de la 2&#215;3 voies, et s\u00e9par\u00e9s de l\u2019autoroute par une grande glissi\u00e8re en b\u00e9ton, les deux quais \u00ab\u00a0Sainte-Musse A57\u00a0\u00bb sont officiellement op\u00e9rationnels depuis la fin de semaine \u00e0 Toulon.<\/p>\n<p><strong>Dix lignes de cars et bus<\/strong><\/p>\n<p>\u00c0 compter de ce samedi 7 juin, ils accueilleront chaque jour les passagers au sein d\u2019infrastructures am\u00e9nag\u00e9es avec des abribus, des tourniquets d\u2019acc\u00e8s, des cam\u00e9ras, des interphones, des plans de r\u00e9seau, et des bornes d\u2019information.<\/p>\n<p>\u00c0 ce jour, quatre lignes de R\u00e9seau Mistral (<strong>la U, la 102, la 103, la 191<\/strong>) ainsi que <strong>six lignes du r\u00e9seau routier ZOU (la 828, la 848, la 849, la 878, la 879 et la 881)<\/strong> sont autoris\u00e9es \u00e0 utiliser la voie r\u00e9serv\u00e9e aux transports en commun et les nouveaux arr\u00eats de bus.<\/p>\n","protected":false},"excerpt":{"rendered":"C\u2019\u00e9tait l\u2019une des grandes sp\u00e9cificit\u00e9s du chantier. La r\u00e9alisation d\u2019une voie r\u00e9serv\u00e9e aux transports en commun et de&hellip;\n","protected":false},"author":2,"featured_media":158309,"comment_status":"","ping_status":"","sticky":false,"template":"","format":"standard","meta":{"footnotes":""},"categories":[9619],"tags":[1111,11,1777,674,1011,27,12,882,25,2310,800,1352,3366],"class_list":{"0":"post-158308","1":"post","2":"type-post","3":"status-publish","4":"format-standard","5":"has-post-thumbnail","7":"category-toulon","8":"tag-actu","9":"tag-actualites","10":"tag-eu","11":"tag-europe","12":"tag-fr","13":"tag-france","14":"tag-news","15":"tag-provence-alpes-cote-dazur","16":"tag-republique-francaise","17":"tag-toulon","18":"tag-transports","19":"tag-urbanisme","20":"tag-vie-locale"},"share_on_mastodon":{"url":"https:\/\/pubeurope.com\/@fr\/114641940355216864","error":""},"_links":{"self":[{"href":"https:\/\/www.europesays.com\/fr\/wp-json\/wp\/v2\/posts\/158308","targetHints":{"allow":["GET"]}}],"collection":[{"href":"https:\/\/www.europesays.com\/fr\/wp-json\/wp\/v2\/posts"}],"about":[{"href":"https:\/\/www.europesays.com\/fr\/wp-json\/wp\/v2\/types\/post"}],"author":[{"embeddable":true,"href":"https:\/\/www.europesays.com\/fr\/wp-json\/wp\/v2\/users\/2"}],"replies":[{"embeddable":true,"href":"https:\/\/www.europesays.com\/fr\/wp-json\/wp\/v2\/comments?post=158308"}],"version-history":[{"count":0,"href":"https:\/\/www.europesays.com\/fr\/wp-json\/wp\/v2\/posts\/158308\/revisions"}],"wp:featuredmedia":[{"embeddable":true,"href":"https:\/\/www.europesays.com\/fr\/wp-json\/wp\/v2\/media\/158309"}],"wp:attachment":[{"href":"https:\/\/www.europesays.com\/fr\/wp-json\/wp\/v2\/media?parent=158308"}],"wp:term":[{"taxonomy":"category","embeddable":true,"href":"https:\/\/www.europesays.com\/fr\/wp-json\/wp\/v2\/categories?post=158308"},{"taxonomy":"post_tag","embeddable":true,"href":"https:\/\/www.europesays.com\/fr\/wp-json\/wp\/v2\/tags?post=158308"}],"curies":[{"name":"wp","href":"https:\/\/api.w.org\/{rel}","templated":true}]}}