{"id":15831,"date":"2025-04-10T20:50:11","date_gmt":"2025-04-10T20:50:11","guid":{"rendered":"https:\/\/www.europesays.com\/fr\/15831\/"},"modified":"2025-04-10T20:50:11","modified_gmt":"2025-04-10T20:50:11","slug":"la-reforme-du-mode-de-scrutin-adoptee-a-lassemblee","status":"publish","type":"post","link":"https:\/\/www.europesays.com\/fr\/15831\/","title":{"rendered":"la r\u00e9forme du mode de scrutin adopt\u00e9e \u00e0 l&rsquo;Assembl\u00e9e"},"content":{"rendered":"<p>L\u2019Assembl\u00e9e nationale a adopt\u00e9 en premi\u00e8re lecture, ce mercredi 9 avril, la proposition de loi r\u00e9formant le mode de scrutin aux \u00e9lections municipales \u00e0 Marseille, Paris et Lyon. A 183 voix pour et 53 voix contre, les d\u00e9put\u00e9s ont valid\u00e9 <a href=\"https:\/\/www.laprovence.com\/article\/politique\/1361889011214815\/reforme-de-la-loi-plm-le-double-scrutin-pour-les-municipales-a-marseille-paris-et-lyon-adopte-a-lassemblee\" target=\"_blank\" rel=\"noopener\">l\u2019instauration d\u2019un double scrutin<\/a>, l\u2019un pour \u00e9lire le conseil municipal, l\u2019autre pour le conseil d\u2019arrondissements, \u00e0 partir du mois de mars prochain. La r\u00e9alisation d\u2019une promesse\u00a0: celle que chaque voix des \u00e9lecteurs des trois plus grandes villes de France aient le m\u00eame poids pour la d\u00e9signation du ou de la maire de la commune.<\/p>\n<p>L\u2019examen de cette loi a mis en lumi\u00e8re des lignes de fracture qui ont d\u00e9pass\u00e9 les clivages partisans. Une majorit\u00e9 s\u2019est d\u00e9gag\u00e9e assez nettement autour des groupes Renaissance, RN et LFI, <a href=\"https:\/\/www.laprovence.com\/article\/elections\/1933518394847415\/mode-de-scrutin-aux-municipales-le-groupe-lr-votera-finalement-pour-la-reforme-de-la-loi-plm\" target=\"_blank\" rel=\"noopener\">mais aussi de LR<\/a>.<\/p>\n<p>Ce changement de mode de scrutin pr\u00e9voit une prime de 25% des si\u00e8ges pour la liste gagnante. Un chiffre en de\u00e7\u00e0 du r\u00e9gime g\u00e9n\u00e9ral applicable dans toutes les autres communes de France, qui accorde 50% des si\u00e8ges au vainqueur.<\/p>\n<p>La loi remise sur la table par Fran\u00e7ois Bayrou<\/p>\n<p>La r\u00e9forme de la loi dite PLM, en vigueur depuis\u00a01982 dans les trois plus grandes villes de France, avait \u00e9t\u00e9 remise sur la table au d\u00e9but du mois de f\u00e9vrier, \u00e0 la surprise g\u00e9n\u00e9rale, par le Premier ministre Fran\u00e7ois Bayrou.<\/p>\n<p>Parmi les autres nouveaut\u00e9s instaur\u00e9es par ce texte, l\u2019augmentation de 10% du nombre de conseillers municipaux \u00e0 Marseille &#8211; qui passeront de 101 \u00e0 111 d\u00e8s l\u2019an prochain &#8211; qui doit permettre de \u00ab\u00a0coller\u00a0\u00bb au nombre d\u2019\u00e9lus marseillais qui si\u00e8gent \u00e9galement \u00e0 la M\u00e9tropole.<\/p>\n<p>Malgr\u00e9 cette adoption, <a href=\"https:\/\/www.laprovence.com\/article\/region\/1910945137253915\/municipales-2026-a-marseille-finalement-la-loi-plm-arrive-a-lassemblee-ce-mardi\" target=\"_blank\" rel=\"noopener\">la loi est encore loin de produire ses effets<\/a>. Critiqu\u00e9 par les d\u00e9put\u00e9s PS et EELV de Paris, ainsi que par ceux du Modem \u00e0 Lyon et les communistes, le texte doit \u00eatre examin\u00e9 au S\u00e9nat \u00e0 partir du 3\u00a0juin avant une probable commission mixte paritaire puis une saisine du Conseil constitutionnel. \u00ab\u00a0Le juge de paix\u00a0\u00bb, a convenu le rapporteur du texte, le d\u00e9put\u00e9 (Modem) Jean-Paul Mattei.<\/p>\n","protected":false},"excerpt":{"rendered":"L\u2019Assembl\u00e9e nationale a adopt\u00e9 en premi\u00e8re lecture, ce mercredi 9 avril, la proposition de loi r\u00e9formant le mode&hellip;\n","protected":false},"author":2,"featured_media":15832,"comment_status":"","ping_status":"","sticky":false,"template":"","format":"standard","meta":{"footnotes":""},"categories":[2814],"tags":[17,1111,11,6594,1777,674,1011,27,5532,884,985,3554,12,316,882,4190,25,4189],"class_list":{"0":"post-15831","1":"post","2":"type-post","3":"status-publish","4":"format-standard","5":"has-post-thumbnail","7":"category-marseille","8":"tag-17","9":"tag-actu","10":"tag-actualites","11":"tag-adoptee","12":"tag-eu","13":"tag-europe","14":"tag-fr","15":"tag-france","16":"tag-lassemblee","17":"tag-marseille","18":"tag-mode","19":"tag-municipales","20":"tag-news","21":"tag-politique","22":"tag-provence-alpes-cote-dazur","23":"tag-reforme","24":"tag-republique-francaise","25":"tag-scrutin"},"share_on_mastodon":{"url":"https:\/\/pubeurope.com\/@fr\/114315645663673591","error":""},"_links":{"self":[{"href":"https:\/\/www.europesays.com\/fr\/wp-json\/wp\/v2\/posts\/15831","targetHints":{"allow":["GET"]}}],"collection":[{"href":"https:\/\/www.europesays.com\/fr\/wp-json\/wp\/v2\/posts"}],"about":[{"href":"https:\/\/www.europesays.com\/fr\/wp-json\/wp\/v2\/types\/post"}],"author":[{"embeddable":true,"href":"https:\/\/www.europesays.com\/fr\/wp-json\/wp\/v2\/users\/2"}],"replies":[{"embeddable":true,"href":"https:\/\/www.europesays.com\/fr\/wp-json\/wp\/v2\/comments?post=15831"}],"version-history":[{"count":0,"href":"https:\/\/www.europesays.com\/fr\/wp-json\/wp\/v2\/posts\/15831\/revisions"}],"wp:featuredmedia":[{"embeddable":true,"href":"https:\/\/www.europesays.com\/fr\/wp-json\/wp\/v2\/media\/15832"}],"wp:attachment":[{"href":"https:\/\/www.europesays.com\/fr\/wp-json\/wp\/v2\/media?parent=15831"}],"wp:term":[{"taxonomy":"category","embeddable":true,"href":"https:\/\/www.europesays.com\/fr\/wp-json\/wp\/v2\/categories?post=15831"},{"taxonomy":"post_tag","embeddable":true,"href":"https:\/\/www.europesays.com\/fr\/wp-json\/wp\/v2\/tags?post=15831"}],"curies":[{"name":"wp","href":"https:\/\/api.w.org\/{rel}","templated":true}]}}