{"id":158324,"date":"2025-06-07T11:59:10","date_gmt":"2025-06-07T11:59:10","guid":{"rendered":"https:\/\/www.europesays.com\/fr\/158324\/"},"modified":"2025-06-07T11:59:10","modified_gmt":"2025-06-07T11:59:10","slug":"municipales-a-rennes-face-a-nathalie-appere-pourquoi-lunion-des-droites-et-du-centre-reste-encore-un-vaste-chantier-video","status":"publish","type":"post","link":"https:\/\/www.europesays.com\/fr\/158324\/","title":{"rendered":"Municipales \u00e0 Rennes\u00a0: face \u00e0 Nathalie App\u00e9r\u00e9, pourquoi l\u2019union des droites et du centre reste encore un vaste chantier [Vid\u00e9o]"},"content":{"rendered":"<p>Cette action marque le premier acte commun de ces deux formations, men\u00e9es par Carole Gandon (R\u00e9v\u00e9ler Rennes) et Charles Compagnon (Libre d\u2019agir pour Rennes). Aux municipales 2020, le duo s\u2019\u00e9tait pr\u00e9sent\u00e9 en ordre dispers\u00e9. Ils avaient \u00e9t\u00e9 cr\u00e9dit\u00e9s, respectivement, de 17,49 % et de 17,16 % des voix, \u00e0 l\u2019issue d\u2019un second tour bouscul\u00e9 par la pand\u00e9mie de Covid. Une lourde d\u00e9faite.<\/p>\n<p>Depuis, de l\u2019eau a coul\u00e9 sous les ponts. Depuis juin 2024, l<a href=\"https:\/\/www.letelegramme.fr\/ille-et-vilaine\/rennes-35000\/rennes-ce-que-cache-lalliance-des-opposants-a-nathalie-appere-6597449.php\" target=\"_blank\" rel=\"noopener\">es deux groupes n\u2019en forment plus qu\u2019un au sein de la M\u00e9tropole, m<\/a>\u00eame si chacun garde \u201csa libert\u00e9 de vote\u201d.<\/p>\n<p>Comme l\u2019explique<a href=\"https:\/\/www.lemensuel.com\/rennes\" target=\"_blank\" rel=\"noopener\"> Le Mensuel de Rennes dans son \u00e9dition de juin<\/a>, tout n\u2019est pas jou\u00e9 entre les deux groupes d\u2019opposants sortants. Certes, chacun manifeste une volont\u00e9 d\u2019union. Avec une concession majeure : Carole Gandon ne r\u00e9clame pas d\u2019\u00eatre t\u00eate de liste. Pas aujourd\u2019hui en tout cas. \u00ab Si tout le monde (le) demande, on va avoir un probl\u00e8me. Il faut d\u2019abord travailler la m\u00e9thode et le programme. La question du leadership doit se poser le plus tard possible \u00bb, expliquait-elle en f\u00e9vrier. Qu\u2019en est-il aujourd\u2019hui ? Dans son entourage, on continue de temporiser. \u00ab Vivre Rennes est un pr\u00e9alable au lancement de la campagne. Elle ne pr\u00e9figure pas la suite. Nous voulons tous l\u2019union. C\u2019est la condition d\u2019une possible alternance. Mais tout n\u2019est pas fait. Loin de l\u00e0. \u00bb \u00c0 la rentr\u00e9e de septembre, les discussions entre les deux groupes rev\u00eatiront \ufeffdonc une importance majeure.<\/p>\n<p>Une union&#8230; sans LR<\/p>\n<p>Reste les autres \u00ab chapelles \u00bb de la droite et du centre. L\u2019op\u00e9ration Vivre Rennes a re\u00e7u l\u2019onction de plusieurs formations, membres du \u00ab socle commun \u00bb qui soutient le gouvernement : Horizons, le MoDem, l\u2019UDI, Territoires de progr\u00e8s (macronistes \u00ab de gauche \u00bb) et le Parti breton. Reste un absent de taille : Thomas Rousseau et Les R\u00e9publicains (LR).<\/p>\n<p>En 2020, la formation de droite comptait parmi les composantes de la liste de Compagnon. Cinq ans plus tard, Thomas Rousseau, n\u00b0 2 de la f\u00e9d\u00e9ration LR d\u2019Ille-et-Vilaine, <a href=\"https:\/\/www.letelegramme.fr\/ille-et-vilaine\/rennes-35000\/a-rennes-comment-lr-prepare-lapres-appere-podcast-6575622.php\" target=\"_blank\" rel=\"noopener\">s\u2019est lanc\u00e9 dans la course aux municipales, en solitaire<\/a>, le 5 d\u00e9cembre, sous l\u2019\u00e9gide de son association, Droite rennaise, rebaptis\u00e9e \u201cL\u2019Espoir rennais\u201d.<\/p>\n<p>Le retour de la \u00ab machine \u00e0 perdre \u00bb ?<\/p>\n<p>Non \u00e9lu, Thomas Rousseau a toujours assur\u00e9 avoir tendu la main aux deux sortants. Il a n\u00e9anmoins choisi de tracer sa route, avec un argument politique : \u00ab La droite rennaise n\u2019est plus incarn\u00e9e, ni par les id\u00e9es, ni par les valeurs \u00bb, e<a anchorselected=\"true\" href=\"https:\/\/www.letelegramme.fr\/ille-et-vilaine\/rennes-35000\/a-rennes-comment-lr-prepare-lapres-appere-podcast-6575622.php\" target=\"_blank\" rel=\"noopener\">xpliquait-il <\/a>en mai 2024. En cause ? Le ralliement de Charles Compagnon \u00e0 Horizons, la formation de l\u2019ex premier ministre, \u00c9douard Philippe, d\u00e9but 2023.<\/p>\n<p>\u00ab Charles Compagnon a rejoint la majorit\u00e9 pr\u00e9sidentielle et le camp macroniste. \u00c0 partir de l\u00e0, nous avons mis un terme \u00e0 nos relations avec Libre d\u2019agir pour Rennes, assurait Thomas Rousseau. Depuis, nous tra\u00e7ons notre propre chemin pour offrir une alternative aux Rennais. \u00bb <\/p>\n<p>Lors de son lancement, \u00ab\u00a0l\u2019Espoir rennais\u00a0\u00bb a cr\u00e9\u00e9 le scepticisme dans les rangs des oppositions sortantes. En d\u00e9cembre, Charles Compagnon et ses proches craignaient <a href=\"https:\/\/www.letelegramme.fr\/ille-et-vilaine\/rennes-35000\/municipales-a-rennes-a-droite-le-grand-retour-de-la-machine-a-perdre-6727250.php\" target=\"_blank\" rel=\"noopener\">le retour de \u00ab la machine \u00e0 perdre \u00bb<\/a>. Une droite rennaise incapable de s\u2019unir depuis 1977 pour \u00ab bouter \u00bb la gauche de la t\u00eate de la capitale bretonne. Depuis, les choses semblent n\u00e9anmoins avoir \u00e9volu\u00e9.<\/p>\n<p>Trop \u00e0 droite pour la droite ?<\/p>\n<p>\u00c0 moins de 300 jours des municipales, l\u2019absence de Rousseau constitue-t-elle un probl\u00e8me pour Charles Compagnon ? \u00ab Il a d\u00e9cid\u00e9 de partir seul. Et il a le droit. Notre porte reste ouverte \u00bb, explique l\u2019int\u00e9ress\u00e9, invit\u00e9 de <a href=\"https:\/\/www.letelegramme.fr\/ille-et-vilaine\/rennes-35000\/je-suis-sur-le-terrain-au-plus-pres-de-la-realite-a-rennes-charles-compagnon-veut-bouger-les-lignes-avant-les-municipales-video-6829863.php\" target=\"_blank\" rel=\"noopener\">la Rennes politique, le podcast du T\u00e9l\u00e9gramme et du Mensuel de Rennes d\u00e9but juin<\/a>. Avant de pr\u00e9ciser. L\u2019absence de Rousseau ? \u00ab Il y a ni regret ni remords. Je vous ai dit que Rennes n\u2019est pas \u00e0 gauche. Je ne pense pas non plus que Rennes soit \u00e0 droite. Bien au contraire. \u00bb (Voir l\u2019extrait vid\u00e9o ci-dessous). Cette d\u00e9fection arrange-t-elle Compagnon, qui se revendique sur une ligne centriste, \u00e9loign\u00e9e de LR ? \u00ab Je ne sais pas, je ne sais pas, r\u00e9p\u00e8te-t-il. Je me pose la question. \u00bb \u00c0 d\u00e9faut d\u2019une r\u00e9ponse claire, son interrogation \u00e9claire\u2026<\/p>\n","protected":false},"excerpt":{"rendered":"Cette action marque le premier acte commun de ces deux formations, men\u00e9es par Carole Gandon (R\u00e9v\u00e9ler Rennes) et&hellip;\n","protected":false},"author":2,"featured_media":158325,"comment_status":"","ping_status":"","sticky":false,"template":"","format":"standard","meta":{"footnotes":""},"categories":[2821],"tags":[1111,11,829,1777,674,1011,27,848,3434,26053,12,3364,584,25],"class_list":{"0":"post-158324","1":"post","2":"type-post","3":"status-publish","4":"format-standard","5":"has-post-thumbnail","7":"category-rennes","8":"tag-actu","9":"tag-actualites","10":"tag-bretagne","11":"tag-eu","12":"tag-europe","13":"tag-fr","14":"tag-france","15":"tag-ille-et-vilaine","16":"tag-municipales-2026","17":"tag-municipales-2026-a-rennes","18":"tag-news","19":"tag-politique-a-rennes","20":"tag-rennes","21":"tag-republique-francaise"},"share_on_mastodon":{"url":"https:\/\/pubeurope.com\/@fr\/114641971911846040","error":""},"_links":{"self":[{"href":"https:\/\/www.europesays.com\/fr\/wp-json\/wp\/v2\/posts\/158324","targetHints":{"allow":["GET"]}}],"collection":[{"href":"https:\/\/www.europesays.com\/fr\/wp-json\/wp\/v2\/posts"}],"about":[{"href":"https:\/\/www.europesays.com\/fr\/wp-json\/wp\/v2\/types\/post"}],"author":[{"embeddable":true,"href":"https:\/\/www.europesays.com\/fr\/wp-json\/wp\/v2\/users\/2"}],"replies":[{"embeddable":true,"href":"https:\/\/www.europesays.com\/fr\/wp-json\/wp\/v2\/comments?post=158324"}],"version-history":[{"count":0,"href":"https:\/\/www.europesays.com\/fr\/wp-json\/wp\/v2\/posts\/158324\/revisions"}],"wp:featuredmedia":[{"embeddable":true,"href":"https:\/\/www.europesays.com\/fr\/wp-json\/wp\/v2\/media\/158325"}],"wp:attachment":[{"href":"https:\/\/www.europesays.com\/fr\/wp-json\/wp\/v2\/media?parent=158324"}],"wp:term":[{"taxonomy":"category","embeddable":true,"href":"https:\/\/www.europesays.com\/fr\/wp-json\/wp\/v2\/categories?post=158324"},{"taxonomy":"post_tag","embeddable":true,"href":"https:\/\/www.europesays.com\/fr\/wp-json\/wp\/v2\/tags?post=158324"}],"curies":[{"name":"wp","href":"https:\/\/api.w.org\/{rel}","templated":true}]}}