{"id":158328,"date":"2025-06-07T12:01:11","date_gmt":"2025-06-07T12:01:11","guid":{"rendered":"https:\/\/www.europesays.com\/fr\/158328\/"},"modified":"2025-06-07T12:01:11","modified_gmt":"2025-06-07T12:01:11","slug":"une-voiture-sur-le-flanc-deux-blesses","status":"publish","type":"post","link":"https:\/\/www.europesays.com\/fr\/158328\/","title":{"rendered":"une voiture sur le flanc, deux bless\u00e9s"},"content":{"rendered":"<p>Deux voitures sont entr\u00e9es en collision ce samedi vers 10 h 20 \u00e0 Strasbourg, sur la N2350 \u00e0 hauteur de la sortie pour la place de Haguenau et l&rsquo;avenue des Vosges, en direction de la rue Jacques-Kabl\u00e9.<\/p>\n<p>L\u2019un des v\u00e9hicules s\u2019est retrouv\u00e9 sur le flanc. Quatre personnes se trouvaient \u00e0 bord des v\u00e9hicules : deux ont \u00e9t\u00e9 transport\u00e9es au CHU de Hautepierre en \u00ab\u00a0urgence relative\u00a0\u00bb, les deux autres ont \u00e9t\u00e9 examin\u00e9es sur place et laiss\u00e9es sur les lieux.<\/p>\n<p>Les voitures ont \u00e9t\u00e9 d\u00e9pann\u00e9es. Une voie a \u00e9t\u00e9 ferm\u00e9 \u00e0 la circulation en direction du Wacken.<\/p>\n","protected":false},"excerpt":{"rendered":"Deux voitures sont entr\u00e9es en collision ce samedi vers 10 h 20 \u00e0 Strasbourg, sur la N2350 \u00e0&hellip;\n","protected":false},"author":2,"featured_media":158329,"comment_status":"","ping_status":"","sticky":false,"template":"","format":"standard","meta":{"footnotes":""},"categories":[2820],"tags":[119,1111,11,2880,1777,674,274,107,1011,27,775,12,25,640],"class_list":{"0":"post-158328","1":"post","2":"type-post","3":"status-publish","4":"format-standard","5":"has-post-thumbnail","7":"category-strasbourg","8":"tag-accident","9":"tag-actu","10":"tag-actualites","11":"tag-edition-strasbourg","12":"tag-eu","13":"tag-europe","14":"tag-faits-divers-justice","15":"tag-fil-info","16":"tag-fr","17":"tag-france","18":"tag-grand-est","19":"tag-news","20":"tag-republique-francaise","21":"tag-strasbourg"},"share_on_mastodon":{"url":"https:\/\/pubeurope.com\/@fr\/114641979554305032","error":""},"_links":{"self":[{"href":"https:\/\/www.europesays.com\/fr\/wp-json\/wp\/v2\/posts\/158328","targetHints":{"allow":["GET"]}}],"collection":[{"href":"https:\/\/www.europesays.com\/fr\/wp-json\/wp\/v2\/posts"}],"about":[{"href":"https:\/\/www.europesays.com\/fr\/wp-json\/wp\/v2\/types\/post"}],"author":[{"embeddable":true,"href":"https:\/\/www.europesays.com\/fr\/wp-json\/wp\/v2\/users\/2"}],"replies":[{"embeddable":true,"href":"https:\/\/www.europesays.com\/fr\/wp-json\/wp\/v2\/comments?post=158328"}],"version-history":[{"count":0,"href":"https:\/\/www.europesays.com\/fr\/wp-json\/wp\/v2\/posts\/158328\/revisions"}],"wp:featuredmedia":[{"embeddable":true,"href":"https:\/\/www.europesays.com\/fr\/wp-json\/wp\/v2\/media\/158329"}],"wp:attachment":[{"href":"https:\/\/www.europesays.com\/fr\/wp-json\/wp\/v2\/media?parent=158328"}],"wp:term":[{"taxonomy":"category","embeddable":true,"href":"https:\/\/www.europesays.com\/fr\/wp-json\/wp\/v2\/categories?post=158328"},{"taxonomy":"post_tag","embeddable":true,"href":"https:\/\/www.europesays.com\/fr\/wp-json\/wp\/v2\/tags?post=158328"}],"curies":[{"name":"wp","href":"https:\/\/api.w.org\/{rel}","templated":true}]}}