{"id":158332,"date":"2025-06-07T12:03:10","date_gmt":"2025-06-07T12:03:10","guid":{"rendered":"https:\/\/www.europesays.com\/fr\/158332\/"},"modified":"2025-06-07T12:03:10","modified_gmt":"2025-06-07T12:03:10","slug":"de-nouveaux-haut-parleurs-ont-ete-installes-pour-faire-regner-lordre-dans-le-parc-des-canebiers-a-cagnes-sur-mer","status":"publish","type":"post","link":"https:\/\/www.europesays.com\/fr\/158332\/","title":{"rendered":"De nouveaux haut-parleurs ont \u00e9t\u00e9 install\u00e9s pour faire r\u00e9gner l\u2019ordre dans le parc des Canebiers \u00e0 Cagnes-sur-Mer"},"content":{"rendered":"<p>Si vous fl\u00e2nez dans le parc des Canebiers, ne soyez pas \u00e9tonn\u00e9 d\u2019entendre une voix, vous interpellez: \u00ab\u00a0Madame, Monsieur, la Ville de Cagnes-sur-Mer vous rappelle que des poubelles sont \u00e0 votre disposition\u00a0\u00bb. Pas de panique, il ne s\u2019agit ni d\u2019une blague ni d\u2019un message venu d\u2019ailleurs, mais des nouveaux haut-parleurs, install\u00e9s dans le cadre de la requalification du parc.<\/p>\n<p>Des messages cibl\u00e9s contre les incivilit\u00e9s<\/p>\n<p>\u00ab\u00a0Au total, huit dispositifs viennent d\u2019\u00eatre install\u00e9s chacun coupl\u00e9 avec une cam\u00e9ra infrarouge. Le r\u00e9seau est reli\u00e9 directement au centre de supervision urbain o\u00f9 l\u2019op\u00e9rateur a une vue en temps r\u00e9el du parc. Il peut donc r\u00e9agir en cons\u00e9quence\u00a0\u00bb, pr\u00e9cise Romain Vallauri, chef de projet des grands travaux pour la Ville. Les messages peuvent porter sur les d\u00e9jections canines, les cigarettes, les d\u00e9chets abandonn\u00e9s ou encore les v\u00e9los.<\/p>\n<p>\u00ab\u00a0Nous voulons que ce parc, tr\u00e8s fr\u00e9quent\u00e9, soit un havre de qui\u00e9tude, indique Christelle Savio-Soula, directrice g\u00e9n\u00e9rale adjointe aux Grands projets de Cagnes-sur-Mer, Nous utilisons le dispositif avec mesure, pour \u00e9viter toute pollution sonore. Le niveau du son est adapt\u00e9 aux habitations autour.\u00a0\u00bb<\/p>\n<p>\u00ab\u00a0La cam\u00e9ra rep\u00e8re les comportements non-conformes. La police est imm\u00e9diatement alert\u00e9e. Un message audio est alors diffus\u00e9 en temps r\u00e9el, explique Louis N\u00e8gre, le maire de Cagnes-sur-Mer. Souvent, la premi\u00e8re r\u00e9action des gens, c\u2019est de chercher d\u2019o\u00f9 vient la voix. Ils obtemp\u00e8rent dans la majorit\u00e9 des cas. Sinon, un second message est envoy\u00e9. Et s\u2019il n\u2019y a toujours aucune r\u00e9action, une patrouille est d\u00e9p\u00each\u00e9e. Elle ne fera aucune pr\u00e9vention, mais verbalisera syst\u00e9matiquement\u00a0\u00bb.<\/p>\n<p>Un dispositif amen\u00e9 \u00e0 s\u2019\u00e9tendre<\/p>\n<p>Ces haut-parleurs permettent aussi de diffuser des alertes m\u00e9t\u00e9os, par exemple en cas de crues ou de fortes chaleurs.<\/p>\n<p>\u00ab\u00a0Le but est de g\u00e9n\u00e9raliser aux autres parcs de la ville dont le parc de la M\u00e9diterran\u00e9e et sur le bord de mer\u00a0\u00bb, affirme l\u2019\u00e9lu.<\/p>\n<p>Il y a quelques mois, plusieurs publications, sur les r\u00e9seaux sociaux, ont affirm\u00e9 que des seringues avaient \u00e9t\u00e9 retrouv\u00e9es dans les jeux pour enfants du parc. Une rumeur, pour le maire qui tient \u00e0 clarifier la situation: \u00ab\u00a0Nous n\u2019avons pas retrouv\u00e9 de seringues. La police municipale veille \u00e0 la s\u00e9curit\u00e9 de la ville. Il est important de garder un certain recul dans un climat d\u2019\u00e9lections\u00a0\u00bb.<\/p>\n<p>              <img ci-src=\"https:\/\/www.nicematin.com\/vie-locale\/protec\/DATA_ART_15670971-5rhoq7WY.jpg?vh=49aef1&amp;ci_seal=dff4cc8f9b\" alt=\"\"\/><br \/>\n        Photo M. L. <\/p>\n","protected":false},"excerpt":{"rendered":"Si vous fl\u00e2nez dans le parc des Canebiers, ne soyez pas \u00e9tonn\u00e9 d\u2019entendre une voix, vous interpellez: \u00ab\u00a0Madame,&hellip;\n","protected":false},"author":2,"featured_media":158333,"comment_status":"","ping_status":"","sticky":false,"template":"","format":"standard","meta":{"footnotes":""},"categories":[2819],"tags":[1111,11,1777,674,1011,27,12,2401,882,25,3366],"class_list":{"0":"post-158332","1":"post","2":"type-post","3":"status-publish","4":"format-standard","5":"has-post-thumbnail","7":"category-nice","8":"tag-actu","9":"tag-actualites","10":"tag-eu","11":"tag-europe","12":"tag-fr","13":"tag-france","14":"tag-news","15":"tag-nice","16":"tag-provence-alpes-cote-dazur","17":"tag-republique-francaise","18":"tag-vie-locale"},"share_on_mastodon":{"url":"https:\/\/pubeurope.com\/@fr\/114641987514506028","error":""},"_links":{"self":[{"href":"https:\/\/www.europesays.com\/fr\/wp-json\/wp\/v2\/posts\/158332","targetHints":{"allow":["GET"]}}],"collection":[{"href":"https:\/\/www.europesays.com\/fr\/wp-json\/wp\/v2\/posts"}],"about":[{"href":"https:\/\/www.europesays.com\/fr\/wp-json\/wp\/v2\/types\/post"}],"author":[{"embeddable":true,"href":"https:\/\/www.europesays.com\/fr\/wp-json\/wp\/v2\/users\/2"}],"replies":[{"embeddable":true,"href":"https:\/\/www.europesays.com\/fr\/wp-json\/wp\/v2\/comments?post=158332"}],"version-history":[{"count":0,"href":"https:\/\/www.europesays.com\/fr\/wp-json\/wp\/v2\/posts\/158332\/revisions"}],"wp:featuredmedia":[{"embeddable":true,"href":"https:\/\/www.europesays.com\/fr\/wp-json\/wp\/v2\/media\/158333"}],"wp:attachment":[{"href":"https:\/\/www.europesays.com\/fr\/wp-json\/wp\/v2\/media?parent=158332"}],"wp:term":[{"taxonomy":"category","embeddable":true,"href":"https:\/\/www.europesays.com\/fr\/wp-json\/wp\/v2\/categories?post=158332"},{"taxonomy":"post_tag","embeddable":true,"href":"https:\/\/www.europesays.com\/fr\/wp-json\/wp\/v2\/tags?post=158332"}],"curies":[{"name":"wp","href":"https:\/\/api.w.org\/{rel}","templated":true}]}}