{"id":158347,"date":"2025-06-07T12:11:14","date_gmt":"2025-06-07T12:11:14","guid":{"rendered":"https:\/\/www.europesays.com\/fr\/158347\/"},"modified":"2025-06-07T12:11:14","modified_gmt":"2025-06-07T12:11:14","slug":"nouveau-a-lille-le-cafe-bazaar-propose-sa-cuisine-genereuse-a-deux-pas-de-jb-lebas","status":"publish","type":"post","link":"https:\/\/www.europesays.com\/fr\/158347\/","title":{"rendered":"Nouveau \u00e0 Lille. Le Caf\u00e9 Bazaar propose sa cuisine g\u00e9n\u00e9reuse \u00e0 deux pas de JB Lebas"},"content":{"rendered":"<p>            Par<br \/>\n        <strong><br \/>\n            <a href=\"https:\/\/actu.fr\/auteur\/hervine-mahaud\" title=\"Consulter tous les articles de Hervine Mahaud\" target=\"_blank\" rel=\"noopener\">Hervine Mahaud<\/a><br \/>\n        <\/strong><\/p>\n<p>        Publi\u00e9 le<\/p>\n<p>            7 juin 2025 \u00e0 10h46        <\/p>\n<p>Un nouveau spot hyper chaleureux et gourmand a ouvert ses portes fin mai 2025 \u00e0 Lille (Nord). Direction\u00a0l\u2019ancienne gare de marchandises r\u00e9habilit\u00e9e du <b data-end=\"318\">Bazaar St So<\/b> pour d\u00e9couvrir\u00a0le <b data-end=\"338\">Caf\u00e9 Bazaar<\/b>. Dans cet endroit vaste et lumineux, on vient boire un coup, manger un bout, travailler ou faire la f\u00eate, \u00e0 deux pas du <b>parc Jean-Baptiste Lebas<\/b>.<\/p>\n<p>Une cuisine engag\u00e9e et cr\u00e9ative<\/p>\n<p data-end=\"1011\" class=\" wall-content\">\u00c0 l\u2019origine du Caf\u00e9 Bazaar, une rencontre prometteuse : celle de l\u2019\u00e9quipe du <a href=\"https:\/\/actu.fr\/hauts-de-france\/lille_59350\/lille-saint-so-bazaar-5-000-m2-despaces-dedies-leconomie-creative_19794014.html\" target=\"_blank\" rel=\"noopener\">Bazaar St So, tiers-lieu embl\u00e9matique de l\u2019\u00e9conomie cr\u00e9ative lilloise<\/a>, et de <b data-end=\"805\">Simon Thieffry<\/b>, le fondateur de <a href=\"https:\/\/actu.fr\/hauts-de-france\/lille_59350\/lille-la-street-food-du-monde-entier-se-deguste-chez-tummy-nouveau-resto-de-jb-lebas_45835152.html\" target=\"_blank\" rel=\"noopener\">Tummy, restaurant de street food du monde<\/a>, accompagn\u00e9 du chef <b data-end=\"904\">Guillaume Alongi<\/b>. Ensemble, ils ont imagin\u00e9 un espace vivant, inclusif, accessible \u00e0 toutes les envies et tous les publics.<\/p>\n<p>    <img   decoding=\"async\" loading=\"lazy\" class=\"size-large\" src=\"https:\/\/www.europesays.com\/fr\/wp-content\/uploads\/2025\/06\/0e461c89e2486c5561c89e248d9561v-960x640.jpg\" alt=\"Caf\u00e9 Bazaar\" width=\"960\" height=\"640\"\/><br \/>\n    Le Caf\u00e9 Bazaar est n\u00e9 de la rencontre entre l\u2019\u00e9quipe du Bazaar et Simon Thieffry, accompagn\u00e9 du chef Guillaume Alongi. \u00a9Estelle Delattre<\/p>\n<p data-end=\"1373\" class=\" wall-content\">Que ce soit pour un caf\u00e9 matinal, un d\u00e9jeuner professionnel, un go\u00fbter improvis\u00e9 ou un ap\u00e9ro entre amis, le Caf\u00e9 Bazaar s\u2019adapte aux rythmes de la journ\u00e9e et aux habitudes de chacun. On peut s\u2019y attabler en solo ou en tribu, profiter de la <b>grande terrasse<\/b> ensoleill\u00e9e ou des <b>espaces int\u00e9rieurs spacieux et accessibles<\/b>.<\/p>\n<p data-end=\"1809\" class=\" wall-content\">\u00c0 midi, place \u00e0 une <b>cuisine de bistrot simple mais soign\u00e9e<\/b>. Le soir, l\u2019esprit <b>street food<\/b> prend le relais, avec une <b>carte courte, responsable et toujours g\u00e9n\u00e9reuse<\/b>. La cuisine est <b data-end=\"1684\">faite maison, \u00e0 base de produits locaux, frais et de saison<\/b>. Les plats sont pens\u00e9s pour <b>satisfaire tous les r\u00e9gimes<\/b> : <b>v\u00e9g\u00e9tariens<\/b>, gourmands ou adeptes d\u2019une alimentation plus durable.<\/p>\n<p>    <img   decoding=\"async\" loading=\"lazy\" class=\"size-large\" src=\"https:\/\/www.europesays.com\/fr\/wp-content\/uploads\/2025\/06\/51ce3c89e248697ee3c89e248dcee3v-960x640.jpg\" alt=\"Caf\u00e9 Bazaar\" width=\"960\" height=\"640\"\/><br \/>\n    Le Caf\u00e9 Bazaar, c\u2019est un bistrot le midi, une street food engag\u00e9e le soir, des en-cas sucr\u00e9s \u00e0 toute heure et toujours des produits frais, locaux et de saison. \u00a9Estelle Delattre<\/p>\n<p data-end=\"1881\" class=\" wall-content\">La philosophie du Caf\u00e9 Bazaar ? \u00ab\u00a0Faire simple, mais bien, avec de bons produits. Et surtout, prolonger les moments de vie, nourrir les id\u00e9es et faire \u00e9merger de nouveaux liens autour d\u2019un bon plat ou d\u2019un verre le soir\u00a0\u00bb, r\u00e9sume l\u2019\u00e9quipe.<\/p>\n<p>Un lieu de quartier vivant et ouvert sur la ville<\/p>\n<p data-end=\"2248\" class=\" wall-content\">Le Caf\u00e9 Bazaar ambitionne de devenir un <b data-end=\"2113\">v\u00e9ritable point de rep\u00e8re pour les r\u00e9sidents du Bazaar St So, les \u00e9tudiants, les t\u00e9l\u00e9travailleurs, les voisins, les jeunes parents<\/b>\u2026 et tous les curieux de passage. L\u2019endroit se pr\u00eate aussi bien \u00e0 un rendez-vous pro qu\u2019\u00e0 un go\u00fbter familial ou un afterwork convivial.<\/p>\n<p data-end=\"2649\" class=\" wall-content\">Expositions, soir\u00e9es festives, ateliers, \u00e9v\u00e9nements associatifs : chaque semaine, \u00ab\u00a0\u00e7a bout au Caf\u00e9 Bazaar\u00a0\u00bb. La programmation est en constante \u00e9bullition, fid\u00e8le \u00e0 l\u2019esprit du <b data-end=\"2485\">Bazaar St So<\/b>, ce tiers-lieu de 5 000 m\u00b2 o\u00f9 travaillent chaque jour pr\u00e8s de 300 r\u00e9sidents issus de tous horizons cr\u00e9atifs, artisans, entrepreneurs, associations ou architectes.<\/p>\n<p>Infos pratiques : Caf\u00e9 Bazaar, 292 rue Camille Gu\u00e9rin. Ouvert tous les jours. Restauration : du lundi au vendredi midi. Snacking : du mercredi soir au samedi soir et week-end. Plus d\u2019infos sur le <a href=\"https:\/\/www.instagram.com\/cafe.bazaar_\/?hl=fr\" target=\"_blank\" rel=\"noopener\">compte Instagram du restaurant<\/a>.<\/p>\n<p class=\" wall-content\">Suivez toute l\u2019actualit\u00e9 de vos villes et m\u00e9dias favoris en vous inscrivant \u00e0 <a href=\"https:\/\/moncompte.actu.fr\" title=\"D\u00e9couvez Mon Actu\" rel=\"nofollow noopener\" data-trk=\"{&quot;cta&quot;:{&quot;action&quot;:&quot;https:\\\/\\\/moncompte.actu.fr&quot;,&quot;category&quot;:&quot;mon compte&quot;,&quot;from&quot;:&quot;article footer&quot;,&quot;name&quot;:&quot;Mon actu&quot;,&quot;type&quot;:&quot;cta&quot;}}\" target=\"_blank\">Mon Actu<\/a>.<\/p>\n<ul class=\"ac-article-tag wall-content\">\n<li><a href=\"https:\/\/actu.fr\/tag\/nouveaux-commerces\" data-trk=\"{&quot;cta&quot;:{&quot;action&quot;:&quot;Nouveaux commerces&quot;,&quot;category&quot;:&quot;tag&quot;,&quot;from&quot;:&quot;article footer&quot;,&quot;name&quot;:&quot;Nouveaux commerces&quot;,&quot;type&quot;:&quot;cta&quot;}}\" target=\"_blank\" rel=\"noopener\">#Nouveaux commerces<\/a><\/li>\n<li><a href=\"https:\/\/actu.fr\/tag\/restaurant\" data-trk=\"{&quot;cta&quot;:{&quot;action&quot;:&quot;Restaurant&quot;,&quot;category&quot;:&quot;tag&quot;,&quot;from&quot;:&quot;article footer&quot;,&quot;name&quot;:&quot;Restaurant&quot;,&quot;type&quot;:&quot;cta&quot;}}\" target=\"_blank\" rel=\"noopener\">#Restaurant<\/a><\/li>\n<\/ul>\n<p>                    <script async src=\"\/\/www.instagram.com\/embed.js\"><\/script><\/p>\n","protected":false},"excerpt":{"rendered":"Par Hervine Mahaud Publi\u00e9 le 7 juin 2025 \u00e0 10h46 Un nouveau spot hyper chaleureux et gourmand a&hellip;\n","protected":false},"author":2,"featured_media":158348,"comment_status":"","ping_status":"","sticky":false,"template":"","format":"standard","meta":{"footnotes":""},"categories":[2815],"tags":[1111,11,33,1777,674,1011,27,811,1307,12,3147,25,1340],"class_list":{"0":"post-158347","1":"post","2":"type-post","3":"status-publish","4":"format-standard","5":"has-post-thumbnail","7":"category-lille","8":"tag-actu","9":"tag-actualites","10":"tag-economie","11":"tag-eu","12":"tag-europe","13":"tag-fr","14":"tag-france","15":"tag-hauts-de-france","16":"tag-lille","17":"tag-news","18":"tag-nouveaux-commerces","19":"tag-republique-francaise","20":"tag-restaurant"},"share_on_mastodon":{"url":"https:\/\/pubeurope.com\/@fr\/114642018948253505","error":""},"_links":{"self":[{"href":"https:\/\/www.europesays.com\/fr\/wp-json\/wp\/v2\/posts\/158347","targetHints":{"allow":["GET"]}}],"collection":[{"href":"https:\/\/www.europesays.com\/fr\/wp-json\/wp\/v2\/posts"}],"about":[{"href":"https:\/\/www.europesays.com\/fr\/wp-json\/wp\/v2\/types\/post"}],"author":[{"embeddable":true,"href":"https:\/\/www.europesays.com\/fr\/wp-json\/wp\/v2\/users\/2"}],"replies":[{"embeddable":true,"href":"https:\/\/www.europesays.com\/fr\/wp-json\/wp\/v2\/comments?post=158347"}],"version-history":[{"count":0,"href":"https:\/\/www.europesays.com\/fr\/wp-json\/wp\/v2\/posts\/158347\/revisions"}],"wp:featuredmedia":[{"embeddable":true,"href":"https:\/\/www.europesays.com\/fr\/wp-json\/wp\/v2\/media\/158348"}],"wp:attachment":[{"href":"https:\/\/www.europesays.com\/fr\/wp-json\/wp\/v2\/media?parent=158347"}],"wp:term":[{"taxonomy":"category","embeddable":true,"href":"https:\/\/www.europesays.com\/fr\/wp-json\/wp\/v2\/categories?post=158347"},{"taxonomy":"post_tag","embeddable":true,"href":"https:\/\/www.europesays.com\/fr\/wp-json\/wp\/v2\/tags?post=158347"}],"curies":[{"name":"wp","href":"https:\/\/api.w.org\/{rel}","templated":true}]}}