{"id":158351,"date":"2025-06-07T12:13:08","date_gmt":"2025-06-07T12:13:08","guid":{"rendered":"https:\/\/www.europesays.com\/fr\/158351\/"},"modified":"2025-06-07T12:13:08","modified_gmt":"2025-06-07T12:13:08","slug":"a-marseille-le-chef-julien-diaz-ouvre-le-bal-des-residences-au-rhinoceros","status":"publish","type":"post","link":"https:\/\/www.europesays.com\/fr\/158351\/","title":{"rendered":"\u00c0 Marseille, le chef Julien Diaz ouvre le bal des r\u00e9sidences au Rhinoc\u00e9ros"},"content":{"rendered":"<p>\u00c0 Marseille, cette adresse n&rsquo;est pas une adresse comme les autres. Longtemps, le 33 de la rue Sainte a en effet accueilli La Part des anges de Georges Zucca, premier vrai bar \u00e0 vins de Marseille o\u00f9 les fans de jolies quilles et de cuisine bistroti\u00e8re avaient enfin trouv\u00e9 un port d&rsquo;attache dans la premi\u00e8re moiti\u00e9 des ann\u00e9es 2000. Cette page-l\u00e0 est tourn\u00e9e depuis un bail et en 2022, apr\u00e8s plusieurs ann\u00e9es d&rsquo;abandon, le restaurant avait \u00e9t\u00e9 enti\u00e8rement repens\u00e9 et r\u00e9nov\u00e9 par un duo, Fabrice Necas et Michael Cohen. Qui viennent donc, eux aussi, de laisser la place \u00e0 un nouveau patron (m\u00eame s&rsquo;ils restent associ\u00e9s \u00e0 l&rsquo;affaire), pas vraiment inconnu sur la place marseillaise\u00a0: le chef S\u00e9bastien Richard.<\/p>\n","protected":false},"excerpt":{"rendered":"\u00c0 Marseille, cette adresse n&rsquo;est pas une adresse comme les autres. Longtemps, le 33 de la rue Sainte&hellip;\n","protected":false},"author":2,"featured_media":158352,"comment_status":"","ping_status":"","sticky":false,"template":"","format":"standard","meta":{"footnotes":""},"categories":[2814],"tags":[17,1111,11,14064,7818,154,28936,1777,674,1011,27,28935,2831,884,12,10102,882,25],"class_list":{"0":"post-158351","1":"post","2":"type-post","3":"status-publish","4":"format-standard","5":"has-post-thumbnail","7":"category-marseille","8":"tag-17","9":"tag-actu","10":"tag-actualites","11":"tag-bal","12":"tag-chef","13":"tag-des","14":"tag-diaz","15":"tag-eu","16":"tag-europe","17":"tag-fr","18":"tag-france","19":"tag-julien","20":"tag-loisirs-traditions","21":"tag-marseille","22":"tag-news","23":"tag-ouvre","24":"tag-provence-alpes-cote-dazur","25":"tag-republique-francaise"},"share_on_mastodon":{"url":"https:\/\/pubeurope.com\/@fr\/114642026787491940","error":""},"_links":{"self":[{"href":"https:\/\/www.europesays.com\/fr\/wp-json\/wp\/v2\/posts\/158351","targetHints":{"allow":["GET"]}}],"collection":[{"href":"https:\/\/www.europesays.com\/fr\/wp-json\/wp\/v2\/posts"}],"about":[{"href":"https:\/\/www.europesays.com\/fr\/wp-json\/wp\/v2\/types\/post"}],"author":[{"embeddable":true,"href":"https:\/\/www.europesays.com\/fr\/wp-json\/wp\/v2\/users\/2"}],"replies":[{"embeddable":true,"href":"https:\/\/www.europesays.com\/fr\/wp-json\/wp\/v2\/comments?post=158351"}],"version-history":[{"count":0,"href":"https:\/\/www.europesays.com\/fr\/wp-json\/wp\/v2\/posts\/158351\/revisions"}],"wp:featuredmedia":[{"embeddable":true,"href":"https:\/\/www.europesays.com\/fr\/wp-json\/wp\/v2\/media\/158352"}],"wp:attachment":[{"href":"https:\/\/www.europesays.com\/fr\/wp-json\/wp\/v2\/media?parent=158351"}],"wp:term":[{"taxonomy":"category","embeddable":true,"href":"https:\/\/www.europesays.com\/fr\/wp-json\/wp\/v2\/categories?post=158351"},{"taxonomy":"post_tag","embeddable":true,"href":"https:\/\/www.europesays.com\/fr\/wp-json\/wp\/v2\/tags?post=158351"}],"curies":[{"name":"wp","href":"https:\/\/api.w.org\/{rel}","templated":true}]}}