{"id":158357,"date":"2025-06-07T12:16:13","date_gmt":"2025-06-07T12:16:13","guid":{"rendered":"https:\/\/www.europesays.com\/fr\/158357\/"},"modified":"2025-06-07T12:16:13","modified_gmt":"2025-06-07T12:16:13","slug":"quatre-hommes-entendus-apres-un-home-jacking","status":"publish","type":"post","link":"https:\/\/www.europesays.com\/fr\/158357\/","title":{"rendered":"quatre hommes entendus apr\u00e8s un home-jacking"},"content":{"rendered":"<p>                            <img loading=\"lazy\" width=\"1200\" height=\"800\" class=\"attachment-article size-article wp-post-image lazyload\" alt=\"\" decoding=\"async\" src=\"https:\/\/www.europesays.com\/fr\/wp-content\/uploads\/2025\/06\/justice-2060093_1920.jpg\" data-eio-rwidth=\"1200\" data-eio-rheight=\"800\"\/><\/p>\n<p>Image d\u2019illustration, Justic. \u00a9 Sang Hyun Cho \u2013 Pixabay<\/p>\n<p class=\"content\" style=\"font-size:1.2em;font-weight:700\">Tabass\u00e9 et tortur\u00e9 pour un pr\u00e9tendu magot, un sexag\u00e9naire avait \u00e9t\u00e9 pris pour cible en d\u00e9cembre 2022. Le verdict est attendu mardi.<\/p>\n<p>Le proc\u00e8s du violent home-jacking survenu \u00e0 Collonges-au-Mont-d\u2019Or le 30 d\u00e9cembre 2022 se poursuit cette semaine devant la cour d\u2019assises du Rh\u00f4ne. Comme le rapporte <a href=\"https:\/\/c.leprogres.fr\/faits-divers-justice\/2025\/06\/07\/aux-assises-prets-a-tout-pour-1-million-d-euros-ils-avaient-tabasse-et-torture-un-homme\" target=\"_blank\" rel=\"noreferrer noopener nofollow\">Le Progr\u00e8s<\/a>, quatre hommes comparaissent pour avoir s\u00e9questr\u00e9 et tortur\u00e9 un sexag\u00e9naire, dans l\u2019espoir de d\u00e9rober un coffre cens\u00e9 contenir plus d\u2019un million d\u2019euros. La victime, prise par erreur pour un autre, avait subi des violences extr\u00eames, dont des br\u00fblures au fer \u00e0 souder.<\/p>\n<p>Trois des accus\u00e9s ont reconnu leur implication, expliquant avoir \u00e9t\u00e9 recrut\u00e9s pour ce qu\u2019ils pensaient \u00eatre un simple cambriolage. Le quatri\u00e8me, Mohamed Doumir, nie toute participation et clame son innocence depuis le d\u00e9but de la proc\u00e9dure. Lors de l\u2019audience, les pr\u00e9venus ont d\u00e9crit un plan improvis\u00e9, motiv\u00e9 par l\u2019app\u00e2t du gain et des situations personnelles pr\u00e9caires.<\/p>\n<p><strong>Un plan mal pr\u00e9par\u00e9 et une violence incontr\u00f4l\u00e9e<\/strong><\/p>\n<p>Le proc\u00e8s a permis de revenir sur les circonstances du passage \u00e0 l\u2019acte. Selon les d\u00e9clarations des accus\u00e9s, ils esp\u00e9raient un butin de 1 million d\u2019euros. L\u2019un des pr\u00e9venus, Merwane Mzizou, ancien militaire en rupture, avait recrut\u00e9 un ami pour le \u00ab\u00a0coup\u00a0\u00bb. Un autre, Nabir Benseghir, a reconnu les violences inflig\u00e9es \u00e0 la victime, expliquant avoir honte de ses actes. Tous ont \u00e9voqu\u00e9 un plan mal ficel\u00e9, sans v\u00e9rification, et une mont\u00e9e incontr\u00f4l\u00e9e de la violence lors des faits.<\/p>\n<p>Le proc\u00e8s doit se conclure mardi, avec les r\u00e9quisitions, les plaidoiries et le verdict attendu en fin de journ\u00e9e. La cour d\u2019assises devra notamment se prononcer sur le r\u00f4le de chacun et sur l\u2019existence, ou non, d\u2019un commanditaire ext\u00e9rieur \u00e9voqu\u00e9 au fil des d\u00e9bats.<\/p>\n<p><strong>Lire aussi : <a href=\"https:\/\/www.lyoncapitale.fr\/actualite\/une-centaine-de-kilos-de-cannabis-saisie-a-venissieux-un-homme-interpelle\" target=\"_blank\" rel=\"noreferrer noopener nofollow\">Une centaine de kilos de cannabis saisie \u00e0 V\u00e9nissieux, un homme interpell\u00e9<\/a><\/strong><\/p>\n","protected":false},"excerpt":{"rendered":"Image d\u2019illustration, Justic. \u00a9 Sang Hyun Cho \u2013 Pixabay Tabass\u00e9 et tortur\u00e9 pour un pr\u00e9tendu magot, un sexag\u00e9naire&hellip;\n","protected":false},"author":2,"featured_media":158358,"comment_status":"","ping_status":"","sticky":false,"template":"","format":"standard","meta":{"footnotes":""},"categories":[1889],"tags":[1111,11,2430,1777,674,118,1011,27,9816,2428,10510,12,25],"class_list":{"0":"post-158357","1":"post","2":"type-post","3":"status-publish","4":"format-standard","5":"has-post-thumbnail","7":"category-lyon","8":"tag-actu","9":"tag-actualites","10":"tag-auvergne-rhone-alpes","11":"tag-eu","12":"tag-europe","13":"tag-faits-divers","14":"tag-fr","15":"tag-france","16":"tag-home-jacking","17":"tag-lyon","18":"tag-metropole-de-lyon","19":"tag-news","20":"tag-republique-francaise"},"share_on_mastodon":{"url":"https:\/\/pubeurope.com\/@fr\/114642038612244404","error":""},"_links":{"self":[{"href":"https:\/\/www.europesays.com\/fr\/wp-json\/wp\/v2\/posts\/158357","targetHints":{"allow":["GET"]}}],"collection":[{"href":"https:\/\/www.europesays.com\/fr\/wp-json\/wp\/v2\/posts"}],"about":[{"href":"https:\/\/www.europesays.com\/fr\/wp-json\/wp\/v2\/types\/post"}],"author":[{"embeddable":true,"href":"https:\/\/www.europesays.com\/fr\/wp-json\/wp\/v2\/users\/2"}],"replies":[{"embeddable":true,"href":"https:\/\/www.europesays.com\/fr\/wp-json\/wp\/v2\/comments?post=158357"}],"version-history":[{"count":0,"href":"https:\/\/www.europesays.com\/fr\/wp-json\/wp\/v2\/posts\/158357\/revisions"}],"wp:featuredmedia":[{"embeddable":true,"href":"https:\/\/www.europesays.com\/fr\/wp-json\/wp\/v2\/media\/158358"}],"wp:attachment":[{"href":"https:\/\/www.europesays.com\/fr\/wp-json\/wp\/v2\/media?parent=158357"}],"wp:term":[{"taxonomy":"category","embeddable":true,"href":"https:\/\/www.europesays.com\/fr\/wp-json\/wp\/v2\/categories?post=158357"},{"taxonomy":"post_tag","embeddable":true,"href":"https:\/\/www.europesays.com\/fr\/wp-json\/wp\/v2\/tags?post=158357"}],"curies":[{"name":"wp","href":"https:\/\/api.w.org\/{rel}","templated":true}]}}