{"id":158359,"date":"2025-06-07T12:17:12","date_gmt":"2025-06-07T12:17:12","guid":{"rendered":"https:\/\/www.europesays.com\/fr\/158359\/"},"modified":"2025-06-07T12:17:12","modified_gmt":"2025-06-07T12:17:12","slug":"transports-en-ile-de-france-les-perturbations-a-prevoir-du-9-au-15-juin","status":"publish","type":"post","link":"https:\/\/www.europesays.com\/fr\/158359\/","title":{"rendered":"Transports en \u00cele-de-France : les perturbations \u00e0 pr\u00e9voir du 9 au 15 juin"},"content":{"rendered":"<p><img loading=\"lazy\" decoding=\"async\" alt=\"\u00a9 Shutterstock - Du lundi 9 au dimanche 15 juin, des travaux vont engendrer des perturbations sur les lignes de m\u00e9tro, RER et Transilien d\u2019\u00cele-de-France.\" data-zoom-src=\"https:\/\/www.europesays.com\/fr\/wp-content\/uploads\/2025\/06\/initial-metro-ile-de-france.jpg\" data-zoomable=\"\" height=\"702\" src=\"https:\/\/www.europesays.com\/fr\/wp-content\/uploads\/2025\/06\/initial-metro-ile-de-france.jpg\" width=\"1248\"\/>  <\/p>\n<p class=\"article-desc\">\u00a9 Shutterstock &#8211; Du lundi 9 au dimanche 15 juin, des travaux vont engendrer des perturbations sur les lignes de m\u00e9tro, RER et Transilien d\u2019\u00cele-de-France. <\/p>\n<p>Les usagers des <strong>transports en commun<\/strong> franciliens vont devoir anticiper des <strong>perturbations <\/strong>cette semaine. Du lundi 9 au dimanche 15 juin, plusieurs lignes de <strong>m\u00e9tro, <\/strong><a href=\"https:\/\/mesinfos.fr\/77160-provins\/ligne-p-gare-aux-travaux-sur-l-axe-paris-provins-222776.html\" rel=\"noopener nofollow\" target=\"_blank\">RER<\/a><strong> et Transilien<\/strong> seront impact\u00e9es par des <strong>travaux<\/strong> de maintenance et de modernisation, entra\u00eenant des interruptions de trafic et des adaptations d&rsquo;horaires. <\/p>\n<p>Fermeture compl\u00e8te de la ligne 6 du m\u00e9tro <\/p>\n<p>Ligne 6 : Le dimanche 15 juin, la ligne sera enti\u00e8rement ferm\u00e9e toute la journ\u00e9e, en raison de travaux de modernisation visant \u00e0 accueillir les nouvelles rames MP89.Un bus de substitution desservira les stations entre Charles de Gaulle-Etoile et La Motte Picquet-Grenelle, mais aussi entre Daumesnil et Nation. <\/p>\n<p>Interruptions sur les lignes B et D du RER <\/p>\n<ul>\n<li>\n<p>RER B : Le week-end des 14 et 15 juin, le trafic sera interrompu entre Denfert-Rochereau et La Croix de Berny\/Robinson dans les deux sens, en raison de travaux de modernisation. Des bus de remplacement seront mis en place pour assurer la continuit\u00e9 du service. <\/p>\n<\/li>\n<li>\n<p>RER D : Le week-end des 14 et 15 juin, aucun train ne circulera entre Melun et Montereau via H\u00e9ricy dans les deux sens, en raison de travaux de d\u00e9veloppement des installations \u00e9lectriques. <\/p>\n<\/li>\n<\/ul>\n<p>  Perturbations sur les lignes L, N et R du Transilien <\/p>\n<ul>\n<li>\n<p>Ligne L : Du lundi 9 au vendredi 13 juin, en soir\u00e9e \u00e0 partir de 22h, aucun train ne circulera entre Paris Saint-Lazare et Maisons-Laffitte, en raison de travaux d&rsquo;am\u00e9lioration du r\u00e9seau. Des bus de remplacement seront mis en place pour desservir les gares concern\u00e9es. <\/p>\n<\/li>\n<li>\n<p>Ligne N : En semaine d\u00e8s 23h (sauf jours f\u00e9ri\u00e9s) du 2 au 13 juin, le trafic est interrompu entre Paris Montparnasse et Rambouillet. Un service de bus de remplacement est mis en place, avec desserte des gares interm\u00e9diaires. <\/p>\n<\/li>\n<li>\n<p>Ligne R : Le week-end des 14 et 15 juin, aucun train ne circulera entre Melun et Montereau via H\u00e9ricy dans les deux sens, en raison de travaux de d\u00e9veloppement des installations \u00e9lectriques. <\/p>\n<\/li>\n<\/ul>\n<p>Aucune interruption majeure n&rsquo;est pr\u00e9vue sur les lignes de tramway pour la semaine du 9 au 15 juin.<\/p>\n","protected":false},"excerpt":{"rendered":"\u00a9 Shutterstock &#8211; Du lundi 9 au dimanche 15 juin, des travaux vont engendrer des perturbations sur les&hellip;\n","protected":false},"author":2,"featured_media":158360,"comment_status":"","ping_status":"","sticky":false,"template":"","format":"standard","meta":{"footnotes":""},"categories":[1592],"tags":[1111,11,1777,674,1011,27,662,12,626,25,2216],"class_list":{"0":"post-158359","1":"post","2":"type-post","3":"status-publish","4":"format-standard","5":"has-post-thumbnail","7":"category-ile-de-france","8":"tag-actu","9":"tag-actualites","10":"tag-eu","11":"tag-europe","12":"tag-fr","13":"tag-france","14":"tag-ile-de-france","15":"tag-news","16":"tag-paris","17":"tag-republique-francaise","18":"tag-transports-en-commun"},"share_on_mastodon":{"url":"https:\/\/pubeurope.com\/@fr\/114642042515561289","error":""},"_links":{"self":[{"href":"https:\/\/www.europesays.com\/fr\/wp-json\/wp\/v2\/posts\/158359","targetHints":{"allow":["GET"]}}],"collection":[{"href":"https:\/\/www.europesays.com\/fr\/wp-json\/wp\/v2\/posts"}],"about":[{"href":"https:\/\/www.europesays.com\/fr\/wp-json\/wp\/v2\/types\/post"}],"author":[{"embeddable":true,"href":"https:\/\/www.europesays.com\/fr\/wp-json\/wp\/v2\/users\/2"}],"replies":[{"embeddable":true,"href":"https:\/\/www.europesays.com\/fr\/wp-json\/wp\/v2\/comments?post=158359"}],"version-history":[{"count":0,"href":"https:\/\/www.europesays.com\/fr\/wp-json\/wp\/v2\/posts\/158359\/revisions"}],"wp:featuredmedia":[{"embeddable":true,"href":"https:\/\/www.europesays.com\/fr\/wp-json\/wp\/v2\/media\/158360"}],"wp:attachment":[{"href":"https:\/\/www.europesays.com\/fr\/wp-json\/wp\/v2\/media?parent=158359"}],"wp:term":[{"taxonomy":"category","embeddable":true,"href":"https:\/\/www.europesays.com\/fr\/wp-json\/wp\/v2\/categories?post=158359"},{"taxonomy":"post_tag","embeddable":true,"href":"https:\/\/www.europesays.com\/fr\/wp-json\/wp\/v2\/tags?post=158359"}],"curies":[{"name":"wp","href":"https:\/\/api.w.org\/{rel}","templated":true}]}}