{"id":158363,"date":"2025-06-07T12:19:12","date_gmt":"2025-06-07T12:19:12","guid":{"rendered":"https:\/\/www.europesays.com\/fr\/158363\/"},"modified":"2025-06-07T12:19:12","modified_gmt":"2025-06-07T12:19:12","slug":"deux-appartements-prennent-feu-dans-le-15e-arrondissement-limmeuble-evacue","status":"publish","type":"post","link":"https:\/\/www.europesays.com\/fr\/158363\/","title":{"rendered":"deux appartements prennent feu dans le 15e arrondissement, l&rsquo;immeuble \u00e9vacu\u00e9"},"content":{"rendered":"<p>            Par<br \/>\n        <strong><br \/>\n            <a href=\"https:\/\/actu.fr\/auteur\/antoine-grotteria02\" title=\"Consulter tous les articles de Antoine Grotteria\" target=\"_blank\" rel=\"noopener\">Antoine Grotteria<\/a><br \/>\n        <\/strong><\/p>\n<p>        Publi\u00e9 le<\/p>\n<p>            7 juin 2025 \u00e0 13h32        <\/p>\n<p>Impressionnant, mais sans cons\u00e9quences humaines. Ce vendredi 6\u00a0juin 2025, un <a href=\"https:\/\/actu.fr\/tag\/incendie\" target=\"_blank\" rel=\"noopener\"><strong>incendie<\/strong> <\/a>a frapp\u00e9 deux appartements d\u2019un <strong>immeuble<\/strong> situ\u00e9 dans le 15e arrondissement de <a href=\"https:\/\/actu.fr\/paris\/\" target=\"_blank\" rel=\"noopener\">Paris<\/a>, a indiqu\u00e9 la <a href=\"https:\/\/actu.fr\/tag\/brigade-de-sapeurs-pompiers-de-paris\" target=\"_blank\" rel=\"noopener\">Brigade des sapeurs-pompiers de Paris<\/a> (BSPP) sur le r\u00e9seau social X. Sollicit\u00e9e par actu Paris, l\u2019institution assure qu\u2019<strong>aucune personne n\u2019a \u00e9t\u00e9 bless\u00e9<\/strong>e.<\/p>\n<p>Une dizaine d\u2019engins employ\u00e9s<\/p>\n<p class=\" wall-content\">Le feu s\u2019est d\u00e9clench\u00e9 vers 19h30 sur la place Balard. Il a n\u00e9cessit\u00e9 l\u2019intervention d\u2019une <strong>dizaine d\u2019engins<\/strong> et d\u2019une <strong>cinquante de pompiers<\/strong>. Deux lances ont \u00e9t\u00e9 d\u00e9ploy\u00e9es pour circonscrire le feu. Le Samu s\u2019est \u00e9galement rendu sur place. De leur c\u00f4t\u00e9, les habitants de l\u2019immeuble ont \u00e9t\u00e9 \u00e9vacu\u00e9s. La source du feu reste encore inconnue, \u00e0 cette heure.<\/p>\n<p class=\" wall-content\">\n<p class=\" wall-content\">Le 15e arrondissement avait d\u00e9j\u00e0 connu un incendie d\u2019ampleur plus cons\u00e9quente en d\u00e9cembre\u00a02024. Une b\u00e2tisse de 13 \u00e9tages avait \u00e9t\u00e9 <strong>sinistr\u00e9e<\/strong> par le feu. <strong>Six personnes<\/strong> avaient \u00e9t\u00e9 l\u00e9g\u00e8rement <strong>intoxiqu\u00e9es<\/strong>, sans pronostic vital engag\u00e9.<\/p>\n<p class=\" wall-content\">Suivez toute l\u2019actualit\u00e9 de vos villes et m\u00e9dias favoris en vous inscrivant \u00e0 <a href=\"https:\/\/moncompte.actu.fr\" title=\"D\u00e9couvez Mon Actu\" rel=\"nofollow noopener\" data-trk=\"{&quot;cta&quot;:{&quot;action&quot;:&quot;https:\\\/\\\/moncompte.actu.fr&quot;,&quot;category&quot;:&quot;mon compte&quot;,&quot;from&quot;:&quot;article footer&quot;,&quot;name&quot;:&quot;Mon actu&quot;,&quot;type&quot;:&quot;cta&quot;}}\" target=\"_blank\">Mon Actu<\/a>.<\/p>\n","protected":false},"excerpt":{"rendered":"Par Antoine Grotteria Publi\u00e9 le 7 juin 2025 \u00e0 13h32 Impressionnant, mais sans cons\u00e9quences humaines. Ce vendredi 6\u00a0juin&hellip;\n","protected":false},"author":2,"featured_media":158364,"comment_status":"","ping_status":"","sticky":false,"template":"","format":"standard","meta":{"footnotes":""},"categories":[1888],"tags":[1111,1928,11,1927,3056,1777,674,118,1011,27,1310,12,1926,626,1925,1311,25],"class_list":{"0":"post-158363","1":"post","2":"type-post","3":"status-publish","4":"format-standard","5":"has-post-thumbnail","7":"category-paris","8":"tag-actu","9":"tag-actu-paris","10":"tag-actualites","11":"tag-actualites-paris","12":"tag-brigade-de-sapeurs-pompiers-de-paris","13":"tag-eu","14":"tag-europe","15":"tag-faits-divers","16":"tag-fr","17":"tag-france","18":"tag-incendie","19":"tag-news","20":"tag-news-paris","21":"tag-paris","22":"tag-paris-news","23":"tag-pompiers","24":"tag-republique-francaise"},"share_on_mastodon":{"url":"https:\/\/pubeurope.com\/@fr\/114642050370058695","error":""},"_links":{"self":[{"href":"https:\/\/www.europesays.com\/fr\/wp-json\/wp\/v2\/posts\/158363","targetHints":{"allow":["GET"]}}],"collection":[{"href":"https:\/\/www.europesays.com\/fr\/wp-json\/wp\/v2\/posts"}],"about":[{"href":"https:\/\/www.europesays.com\/fr\/wp-json\/wp\/v2\/types\/post"}],"author":[{"embeddable":true,"href":"https:\/\/www.europesays.com\/fr\/wp-json\/wp\/v2\/users\/2"}],"replies":[{"embeddable":true,"href":"https:\/\/www.europesays.com\/fr\/wp-json\/wp\/v2\/comments?post=158363"}],"version-history":[{"count":0,"href":"https:\/\/www.europesays.com\/fr\/wp-json\/wp\/v2\/posts\/158363\/revisions"}],"wp:featuredmedia":[{"embeddable":true,"href":"https:\/\/www.europesays.com\/fr\/wp-json\/wp\/v2\/media\/158364"}],"wp:attachment":[{"href":"https:\/\/www.europesays.com\/fr\/wp-json\/wp\/v2\/media?parent=158363"}],"wp:term":[{"taxonomy":"category","embeddable":true,"href":"https:\/\/www.europesays.com\/fr\/wp-json\/wp\/v2\/categories?post=158363"},{"taxonomy":"post_tag","embeddable":true,"href":"https:\/\/www.europesays.com\/fr\/wp-json\/wp\/v2\/tags?post=158363"}],"curies":[{"name":"wp","href":"https:\/\/api.w.org\/{rel}","templated":true}]}}