{"id":158365,"date":"2025-06-07T12:20:14","date_gmt":"2025-06-07T12:20:14","guid":{"rendered":"https:\/\/www.europesays.com\/fr\/158365\/"},"modified":"2025-06-07T12:20:14","modified_gmt":"2025-06-07T12:20:14","slug":"lepicier-ne-veut-pas-lui-faire-credit-il-revient-avec-un-fusil-a-pompe","status":"publish","type":"post","link":"https:\/\/www.europesays.com\/fr\/158365\/","title":{"rendered":"l\u2019\u00e9picier ne veut pas lui faire cr\u00e9dit, il revient avec un fusil \u00e0 pompe"},"content":{"rendered":"<p>Effrayante sc\u00e8ne en plein c\u0153ur du 19e arrondissement. Selon les informations de Paris Match, un homme a \u00e9t\u00e9 interpell\u00e9, ce samedi 7 juin, vers 0h40, alors qu\u2019il venait de sortir d\u2019une \u00e9picerie, situ\u00e9e rue de Crim\u00e9e.<\/p>\n<p>En patrouille, des policiers de la brigade anticriminalit\u00e9 du 19e arrondissement ont aussit\u00f4t mis pied \u00e0 terre en voyant le suspect, arm\u00e9 d\u2019un fusil \u00e0 pompe. L\u2019homme a \u00e9t\u00e9 rapidement ma\u00eetris\u00e9 avant d\u2019\u00eatre conduit dans les locaux du commissariat de l\u2019arrondissement. En cours de route, il a agoni d\u2019injures les fonctionnaires avant de les menacer de mort.<\/p>\n<p>Une munition a \u00e9t\u00e9 retrouv\u00e9e dans son \u00e9tui<\/p>\n<p>Il a finalement vu sa garde \u00e0 vue diff\u00e9r\u00e9e alors qu\u2019il \u00e9tait sous l\u2019emprise de l\u2019alcool. Son arme, qui n\u2019\u00e9tait pas charg\u00e9e au moment des faits, a \u00e9t\u00e9 saisie. Une munition a \u00e9t\u00e9 retrouv\u00e9e dans son \u00e9tui.<\/p>\n<p>Interrog\u00e9, le g\u00e9rant de l\u2019\u00e9picerie, dans laquelle se trouvait le suspect avant son interpellation, a indiqu\u00e9 que ce dernier \u00e9tait entr\u00e9 dans son commerce pour faire quelques courses, notamment de la nourriture et de l\u2019alcool.<\/p>\n<p>Mais d\u00e9pourvu d\u2019argent, il avait demand\u00e9 au commer\u00e7ant de lui faire cr\u00e9dit. Devant son refus, le client \u00e9tait ressorti avant de revenir quelques minutes plus tard, muni de son fusil \u00e0 pompe avec lequel il a menac\u00e9 l\u2019\u00e9picier.<\/p>\n<p>Sollicit\u00e9, le parquet de Paris n\u2019a pas donn\u00e9 suite.<\/p>\n<p><a data-i13n=\"cpos:1;pos:1\" href=\"https:\/\/www.parismatch.com\/actu\/faits-divers\/paris-lepicier-ne-veut-pas-lui-faire-credit-il-revient-avec-un-fusil-a-pompe-252448?at_medium=affiliate&amp;at_campaign=Yahoo\" rel=\"nofollow noopener\" target=\"_blank\" data-ylk=\"slk:Retrouvez cet article sur ParisMatch;cpos:1;pos:1;elm:context_link;itc:0;sec:content-canvas\" class=\"link \">Retrouvez cet article sur ParisMatch<\/a><\/p>\n","protected":false},"excerpt":{"rendered":"Effrayante sc\u00e8ne en plein c\u0153ur du 19e arrondissement. Selon les informations de Paris Match, un homme a \u00e9t\u00e9&hellip;\n","protected":false},"author":2,"featured_media":158366,"comment_status":"","ping_status":"","sticky":false,"template":"","format":"standard","meta":{"footnotes":""},"categories":[1888],"tags":[28937,1111,1928,11,1927,28939,1777,674,1011,27,28938,12,1926,626,1925,10857,25,28940],"class_list":{"0":"post-158365","1":"post","2":"type-post","3":"status-publish","4":"format-standard","5":"has-post-thumbnail","7":"category-paris","8":"tag-19e-arrondissement","9":"tag-actu","10":"tag-actu-paris","11":"tag-actualites","12":"tag-actualites-paris","13":"tag-brigade-anticriminalite","14":"tag-eu","15":"tag-europe","16":"tag-fr","17":"tag-france","18":"tag-fusil-a-pompe","19":"tag-news","20":"tag-news-paris","21":"tag-paris","22":"tag-paris-news","23":"tag-parquet-de-paris","24":"tag-republique-francaise","25":"tag-rue-de-crimee"},"share_on_mastodon":{"url":"https:\/\/pubeurope.com\/@fr\/114642054261679906","error":""},"_links":{"self":[{"href":"https:\/\/www.europesays.com\/fr\/wp-json\/wp\/v2\/posts\/158365","targetHints":{"allow":["GET"]}}],"collection":[{"href":"https:\/\/www.europesays.com\/fr\/wp-json\/wp\/v2\/posts"}],"about":[{"href":"https:\/\/www.europesays.com\/fr\/wp-json\/wp\/v2\/types\/post"}],"author":[{"embeddable":true,"href":"https:\/\/www.europesays.com\/fr\/wp-json\/wp\/v2\/users\/2"}],"replies":[{"embeddable":true,"href":"https:\/\/www.europesays.com\/fr\/wp-json\/wp\/v2\/comments?post=158365"}],"version-history":[{"count":0,"href":"https:\/\/www.europesays.com\/fr\/wp-json\/wp\/v2\/posts\/158365\/revisions"}],"wp:featuredmedia":[{"embeddable":true,"href":"https:\/\/www.europesays.com\/fr\/wp-json\/wp\/v2\/media\/158366"}],"wp:attachment":[{"href":"https:\/\/www.europesays.com\/fr\/wp-json\/wp\/v2\/media?parent=158365"}],"wp:term":[{"taxonomy":"category","embeddable":true,"href":"https:\/\/www.europesays.com\/fr\/wp-json\/wp\/v2\/categories?post=158365"},{"taxonomy":"post_tag","embeddable":true,"href":"https:\/\/www.europesays.com\/fr\/wp-json\/wp\/v2\/tags?post=158365"}],"curies":[{"name":"wp","href":"https:\/\/api.w.org\/{rel}","templated":true}]}}