{"id":158369,"date":"2025-06-07T12:22:09","date_gmt":"2025-06-07T12:22:09","guid":{"rendered":"https:\/\/www.europesays.com\/fr\/158369\/"},"modified":"2025-06-07T12:22:09","modified_gmt":"2025-06-07T12:22:09","slug":"5-accidents-en-5-minutes-florent-pagny-dans-lenfer-de-la-conduite-a-paris","status":"publish","type":"post","link":"https:\/\/www.europesays.com\/fr\/158369\/","title":{"rendered":"\u00ab\u00a05 accidents en 5 minutes\u00a0\u00bb, Florent Pagny dans l&rsquo;enfer de la conduite \u00e0 Paris"},"content":{"rendered":"<p>Chanteur embl\u00e9matique, collectionneur avis\u00e9 et amateur de grosses cylindr\u00e9es, <a href=\"https:\/\/www.public.fr\/florent-pagny-et-carla-bruni-un-duo-a-venir-cest-non-et-le-coach-de-the-voice-explique-pourquoi\" target=\"_blank\" rel=\"noopener\">Florent Pagny<\/a> a fait <strong>une apparition remarqu\u00e9e au salon Prestige Auto de Beaune 2025<\/strong>. Accompagn\u00e9 de deux autres figures bien connues, Dominique Prudent et Dominique Chapatte, il a partag\u00e9 son amour pour l\u2019iconique Mercedes 300 SL mais pas seulement.<\/p>\n<p>Florent Pagny se l\u00e2che dans l&rsquo;\u00e9mission Turbo sur M6<\/p>\n<p>Ce qui fait la saveur particuli\u00e8re de ce rendez-vous bourguignon, ce sont aussi ses invit\u00e9s d\u2019exception. Outre la pr\u00e9sence du youtubeur GMK, star des r\u00e9seaux et des moteurs surpuissants, <strong>le public a eu la surprise de croiser <a href=\"https:\/\/www.public.fr\/je-suis-super-content-david-hallyday-annonce-un-heureux-evenement-ses-filles-et-sa-soeur-laura-aux-anges\" target=\"_blank\" rel=\"noopener\">David Hallyday<\/a>, chanteur-pilote dans l\u2019\u00e2me, et surtout Florent Pagny, de retour sur ses terres de Sa\u00f4ne-et-Loire.<\/strong><\/p>\n<p><strong>Le chanteur, connu pour ses coups de c\u0153ur francs et ses passions assum\u00e9es<\/strong>, n\u2019a pas cach\u00e9 son enthousiasme en posant \u00e0 c\u00f4t\u00e9 de la Mercedes 300 SL mais <strong>il s&rsquo;est aussi exprim\u00e9 sur l&rsquo;enfer de la circulation \u00e0 Paris<\/strong>. Et pour cause, avec sa femme Azucena, il vit isol\u00e9 en Patagonie. Alors forc\u00e9ment, \u00e0 chaque retour dans la capitale le choc est violent.<\/p>\n<p>Florent Pagny : une vie entre Paris et la Patagonie<\/p>\n<p>\u00c0 63 ans Florent Pagny partage sa vie entre les paysages lunaires de la Patagonie et l\u2019effervescence de la r\u00e9gion parisienne. Un \u00e9quilibre atypique, forg\u00e9 \u00e0 la fois par l\u2019amour, la nature, et une volont\u00e9 farouche de rester fid\u00e8le \u00e0 lui-m\u00eame.<\/p>\n<p>Quand il est en France, <strong>le coach victorieux de l&rsquo;\u00e9dition 2025 de \u00ab\u00a0The Voice\u00a0\u00bb pose ses valises \u00e0 Montfort-l\u2019Amaury, dans les Yvelines<\/strong>. Une commune bucolique et tr\u00e8s pris\u00e9e o\u00f9 il vit avec son \u00e9pouse Azucena. Leur maison est un havre de paix avec potager et atelier de peinture, loin du chaos urbain.<\/p>\n<p>Alors, l&rsquo;interpr\u00e8te de \u00ab\u00a0Bienvenue chez moi\u00a0\u00bb <strong>ne cache pas son agacement face \u00e0 la circulation parisienne<\/strong>. Install\u00e9 temporairement dans la capitale, l\u2019artiste confie pr\u00e9f\u00e9rer se d\u00e9placer en scooter \u00e9lectrique. <\/p>\n<p>Plus \u00e9cologique, certes, mais pas plus paisible : \u00ab\u00a0Je roule en scoot \u00e9lectrique ici. Le seul probl\u00e8me, c&rsquo;est qu\u2019il y a trop de monde. Entre les v\u00e9los, les trottinettes\u2026 c&rsquo;est un enfer ! Tu passes d\u2019un coin d\u00e9sert o\u00f9 tu peux rouler des heures sans croiser une bagnole, et l\u00e0, en cinq minutes, tu peux avoir cinq accidents !\u00a0\u00bb. <strong>Une sortie qui a fait sourire Dominique Chapatte<\/strong>, le c\u00e9l\u00e8bre animateur de \u00ab\u00a0Turbo\u00a0\u00bb, qui a lanc\u00e9 avec humour : \u00ab\u00a0\u00c7a change de la pampa !\u00a0\u00bb.<\/p>\n<p><strong>Tandis qu\u2019il poursuit sa convalescence apr\u00e8s avoir combattu un cancer du poumon<\/strong>, Florent Pagny, tel un phoenix, continue de tracer sa route entre deux mondes avec sa voix, sa franchise et son scooter \u00e9lectrique.<\/p>\n<p>      Mentionn\u00e9s dans cet article<\/p>\n<p>\u00c0 lire aussi<\/p>\n","protected":false},"excerpt":{"rendered":"Chanteur embl\u00e9matique, collectionneur avis\u00e9 et amateur de grosses cylindr\u00e9es, Florent Pagny a fait une apparition remarqu\u00e9e au salon&hellip;\n","protected":false},"author":2,"featured_media":158370,"comment_status":"","ping_status":"","sticky":false,"template":"","format":"standard","meta":{"footnotes":""},"categories":[1888],"tags":[11,1777,674,3109,1011,27,12,626,25],"class_list":{"0":"post-158369","1":"post","2":"type-post","3":"status-publish","4":"format-standard","5":"has-post-thumbnail","7":"category-paris","8":"tag-actualites","9":"tag-eu","10":"tag-europe","11":"tag-florent-pagny","12":"tag-fr","13":"tag-france","14":"tag-news","15":"tag-paris","16":"tag-republique-francaise"},"share_on_mastodon":{"url":"https:\/\/pubeurope.com\/@fr\/114642062124896851","error":""},"_links":{"self":[{"href":"https:\/\/www.europesays.com\/fr\/wp-json\/wp\/v2\/posts\/158369","targetHints":{"allow":["GET"]}}],"collection":[{"href":"https:\/\/www.europesays.com\/fr\/wp-json\/wp\/v2\/posts"}],"about":[{"href":"https:\/\/www.europesays.com\/fr\/wp-json\/wp\/v2\/types\/post"}],"author":[{"embeddable":true,"href":"https:\/\/www.europesays.com\/fr\/wp-json\/wp\/v2\/users\/2"}],"replies":[{"embeddable":true,"href":"https:\/\/www.europesays.com\/fr\/wp-json\/wp\/v2\/comments?post=158369"}],"version-history":[{"count":0,"href":"https:\/\/www.europesays.com\/fr\/wp-json\/wp\/v2\/posts\/158369\/revisions"}],"wp:featuredmedia":[{"embeddable":true,"href":"https:\/\/www.europesays.com\/fr\/wp-json\/wp\/v2\/media\/158370"}],"wp:attachment":[{"href":"https:\/\/www.europesays.com\/fr\/wp-json\/wp\/v2\/media?parent=158369"}],"wp:term":[{"taxonomy":"category","embeddable":true,"href":"https:\/\/www.europesays.com\/fr\/wp-json\/wp\/v2\/categories?post=158369"},{"taxonomy":"post_tag","embeddable":true,"href":"https:\/\/www.europesays.com\/fr\/wp-json\/wp\/v2\/tags?post=158369"}],"curies":[{"name":"wp","href":"https:\/\/api.w.org\/{rel}","templated":true}]}}