{"id":158373,"date":"2025-06-07T12:24:14","date_gmt":"2025-06-07T12:24:14","guid":{"rendered":"https:\/\/www.europesays.com\/fr\/158373\/"},"modified":"2025-06-07T12:24:14","modified_gmt":"2025-06-07T12:24:14","slug":"moscou-accuse-lukraine-de-reporter-lechange-de-prisonniers-apres-des-frappes-russes-lexpress","status":"publish","type":"post","link":"https:\/\/www.europesays.com\/fr\/158373\/","title":{"rendered":"Moscou accuse l&rsquo;Ukraine de reporter l&rsquo;\u00e9change de prisonniers apr\u00e8s des frappes russes \u2013 L&rsquo;Express"},"content":{"rendered":"<p class=\"paragraph article-body-paragraph article__item   article-body-paragraph--first \">Selon le n\u00e9gociateur en chef russe Vladimir Medinski, la partie ukrainienne a report\u00e9 de mani\u00e8re inattendue la r\u00e9ception des corps de soldats tu\u00e9s et l&rsquo;\u00e9change de prisonniers de guerre \u00e0 une date ind\u00e9termin\u00e9e.<\/p>\n<p class=\"paragraph article-body-paragraph article__item   \">Cet \u00e9change pr\u00e9vu \u00e9tait le seul r\u00e9sultat concret des pourparlers directs russo-ukrainiens en Turquie, quand Moscou et Kiev avaient convenu lundi de lib\u00e9rer tous les prisonniers de guerre gri\u00e8vement bless\u00e9s ou malades, ainsi que ceux \u00e2g\u00e9s de moins de 25 ans, apr\u00e8s un pr\u00e9c\u00e9dent concernant 1.000 personnes de chaque c\u00f4t\u00e9 en mai.<\/p>\n<p class=\"paragraph article-body-paragraph article__item   \">Sur Telegram, le n\u00e9gociateur russe Medinski a appel\u00e9 Kiev \u00e0 r\u00e9cup\u00e9rer les corps de 6.000 soldats ukrainiens, assurant que 1.212 corps de soldats ukrainiens sont d\u00e9j\u00e0 sur le lieu d&rsquo;\u00e9change \u00e0 la fronti\u00e8re russo-ukrainienne.<\/p>\n<p class=\"paragraph article-body-paragraph article__item   \">D&rsquo;apr\u00e8s M. Medinski, la premi\u00e8re liste de 640 prisonniers de guerre (&#8230;) a \u00e9t\u00e9 fournie \u00e0 l&rsquo;Ukraine afin de commencer l&rsquo;\u00e9change.<\/p>\n<p> Kharkiv vis\u00e9e <\/p>\n<p class=\"paragraph article-body-paragraph article__item   \">Au total, huit personnes sont mortes en Ukraine, donc cinq dans les frappes nocturnes dans la nuit de samedi, notamment sur Kharkiv, apr\u00e8s la promesse de Moscou d&rsquo;une riposte \u00e0 la destruction d&rsquo;une partie de sa flotte a\u00e9rienne.<\/p>\n<p class=\"paragraph article-body-paragraph article__item   \">A Kharkiv, trois personnes ont \u00e9t\u00e9 tu\u00e9es et au moins 17 bless\u00e9es, selon lemaire Igor Terekhov.<\/p>\n<p><img decoding=\"async\" src=\"https:\/\/www.europesays.com\/fr\/wp-content\/uploads\/2025\/06\/U6QYJE7NZJBUTISJQ5FI44VP74.jpg\" class=\"image-with-legend__cover-img\" alt=\"Des pompiers luttent contre un incendie dans un immeuble apr\u00e8s une s\u00e9rie d'attaques russes contre la ville de Kharkiv, dans l'est de l'Ukraine, le 7 juin 2025\" width=\"883\" height=\"0\" loading=\"lazy\"\/><\/p>\n<p class=\"image-with-legend__legend\">Des pompiers luttent contre un incendie dans un immeuble apr\u00e8s une s\u00e9rie d&rsquo;attaques russes contre la ville de Kharkiv, dans l&rsquo;est de l&rsquo;Ukraine, le 7 juin 2025<\/p>\n<p class=\"image-with-legend__credits\"> \u00a9  \/ afp.com\/SERGEY BOBOK<\/p>\n<p class=\"paragraph article-body-paragraph article__item   \">Selon les autorit\u00e9s r\u00e9gionales, deux personnes ont aussi \u00e9t\u00e9 tu\u00e9es \u00e0 Kherson (sud), tandis que pr\u00e8s du front, dans la r\u00e9gion de Donetsk, des frappes ont fait trois morts.<\/p>\n<p class=\"paragraph article-body-paragraph article__item   \">Kharkiv, deuxi\u00e8me ville d&rsquo;Ukraine, a subi l&rsquo;attaque la plus puissante depuis le d\u00e9but de la guerre, selon son maire Igor Terekhov.<\/p>\n<p class=\"paragraph article-body-paragraph article__item   \">La Russie continue sa terreur contre les civils, a d\u00e9clar\u00e9 le ministre des Affaires \u00e9trang\u00e8res Andri\u00ef Sybiga, appelant \u00e0 accro\u00eetre la pression sur Moscou pour mettre fin aux massacres et destructions perp\u00e9tr\u00e9es par la Russie.<\/p>\n<p class=\"paragraph article-body-paragraph article__item   \">Dans la nuit de vendredi \u00e0 samedi, un total de 206 drones Shahed et neuf missiles ont \u00e9t\u00e9 tir\u00e9s par la Russie selon l&rsquo;arm\u00e9e de l&rsquo;air ukrainienne.<\/p>\n<p class=\"paragraph article-body-paragraph article__item   \">De son c\u00f4t\u00e9, l&rsquo;arm\u00e9e russe a assur\u00e9 avoir vis\u00e9 des entreprises du complexe militaro-industriel ukrainien, des ateliers d&rsquo;assemblage de drones, des centres de maintenance technique et de r\u00e9paration d&rsquo;armes et de mat\u00e9riel militaire, ainsi que des d\u00e9p\u00f4ts de munitions.<\/p>\n<p><img decoding=\"async\" src=\"https:\/\/www.europesays.com\/fr\/wp-content\/uploads\/2025\/06\/ZR6ETO6YBFESZNRSRI5ATQ2K6A.jpg\" class=\"image-with-legend__cover-img\" alt=\"Un homme retrouve sa voiture endommag\u00e9e apr\u00e8s une s\u00e9rie d'attaques russes contre la ville de Kharkiv, dans l'est de l'Ukraine, le 7 juin 2025\" width=\"883\" height=\"0\" loading=\"lazy\"\/><\/p>\n<p class=\"image-with-legend__legend\">Un homme retrouve sa voiture endommag\u00e9e apr\u00e8s une s\u00e9rie d&rsquo;attaques russes contre la ville de Kharkiv, dans l&rsquo;est de l&rsquo;Ukraine, le 7 juin 2025<\/p>\n<p class=\"image-with-legend__credits\"> \u00a9  \/ afp.com\/SERGEY BOBOK<\/p>\n<p class=\"paragraph article-body-paragraph article__item   \">Le minist\u00e8re russe de la D\u00e9fense a dit que 36 drones ukrainiens avaient \u00e9t\u00e9 d\u00e9truits dans la nuit de vendredi \u00e0 samedi dans les r\u00e9gions de Moscou, de Koursk et de Smolensk notamment.<\/p>\n<p class=\"paragraph article-body-paragraph article__item   \">Cette attaque a conduit \u00e0 la fermeture momentan\u00e9e du principal a\u00e9roport de Moscou, Cheremetievo, selon les autorit\u00e9s a\u00e9riennes.<\/p>\n<p> Riposte<\/p>\n<p class=\"paragraph article-body-paragraph article__item   \">Selon l&rsquo;arm\u00e9e ukrainienne, la Russie avait d\u00e9j\u00e0 men\u00e9 dans la nuit de jeudi \u00e0 vendredi, \u00e0 l&rsquo;\u00e9chelle du pays, une de ses attaques les plus massives depuis le d\u00e9but de la guerre, avec 407 drones et 45 missiles.<\/p>\n<p class=\"paragraph article-body-paragraph article__item   \">Moscou a \u00e9voqu\u00e9 vendredi une riposte apr\u00e8s les attaques ukrainiennes qui ont vis\u00e9 dimanche plusieurs a\u00e9rodromes russes loin du front, destruction de plusieurs bombardiers \u00e0 la cl\u00e9.<\/p>\n<p><img decoding=\"async\" src=\"https:\/\/www.europesays.com\/fr\/wp-content\/uploads\/2025\/06\/PPTC4AQBOJAT3COOGEYJOSFC6I.jpg\" class=\"image-with-legend__cover-img\" alt=\"Des pompiers luttent contre un incendie dans un immeuble apr\u00e8s une s\u00e9rie d'attaques russes contre la ville de Kharkiv, dans l'est de l'Ukraine, le 7 juin 2025\" width=\"883\" height=\"0\" loading=\"lazy\"\/><\/p>\n<p class=\"image-with-legend__legend\">Des pompiers luttent contre un incendie dans un immeuble apr\u00e8s une s\u00e9rie d&rsquo;attaques russes contre la ville de Kharkiv, dans l&rsquo;est de l&rsquo;Ukraine, le 7 juin 2025<\/p>\n<p class=\"image-with-legend__credits\"> \u00a9  \/ afp.com\/SERGEY BOBOK<\/p>\n<p class=\"paragraph article-body-paragraph article__item   \">Ces frappes interviennent \u00e0 un moment o\u00f9 les n\u00e9gociations de paix sont dans l&rsquo;impasse apr\u00e8s un deuxi\u00e8me cycle de pourparlers directs entre Russes et Ukrainiens \u00e0 Istanbul lundi.<\/p>\n<p class=\"paragraph article-body-paragraph article__item   \">Signe de l&rsquo;intransigeance de Moscou, tandis que les exigences des deux camps semblent inconciliables, le Kremlin a pr\u00e9sent\u00e9 l&rsquo;invasion de l&rsquo;Ukraine, qu&rsquo;il a d\u00e9clench\u00e9e en f\u00e9vrier 2022, comme une question existentielle.<\/p>\n<p class=\"paragraph article-body-paragraph article__item    article__text__endpicto\">Les forces russes, qui occupent environ 20% du territoire ukrainien, bombardent quasi quotidiennement des villes ukrainiennes depuis 2022. En riposte, l&rsquo;Ukraine m\u00e8ne \u00e9galement, quasiment chaque jour, des attaques a\u00e9riennes en Russie.<\/p>\n","protected":false},"excerpt":{"rendered":"Selon le n\u00e9gociateur en chef russe Vladimir Medinski, la partie ukrainienne a report\u00e9 de mani\u00e8re inattendue la r\u00e9ception&hellip;\n","protected":false},"author":2,"featured_media":158374,"comment_status":"","ping_status":"","sticky":false,"template":"","format":"standard","meta":{"footnotes":""},"categories":[1590],"tags":[11,10944,1777,674,12,220],"class_list":{"0":"post-158373","1":"post","2":"type-post","3":"status-publish","4":"format-standard","5":"has-post-thumbnail","7":"category-ukraine","8":"tag-actualites","9":"tag-archives","10":"tag-eu","11":"tag-europe","12":"tag-news","13":"tag-ukraine"},"share_on_mastodon":{"url":"https:\/\/pubeurope.com\/@fr\/114642070127107797","error":""},"_links":{"self":[{"href":"https:\/\/www.europesays.com\/fr\/wp-json\/wp\/v2\/posts\/158373","targetHints":{"allow":["GET"]}}],"collection":[{"href":"https:\/\/www.europesays.com\/fr\/wp-json\/wp\/v2\/posts"}],"about":[{"href":"https:\/\/www.europesays.com\/fr\/wp-json\/wp\/v2\/types\/post"}],"author":[{"embeddable":true,"href":"https:\/\/www.europesays.com\/fr\/wp-json\/wp\/v2\/users\/2"}],"replies":[{"embeddable":true,"href":"https:\/\/www.europesays.com\/fr\/wp-json\/wp\/v2\/comments?post=158373"}],"version-history":[{"count":0,"href":"https:\/\/www.europesays.com\/fr\/wp-json\/wp\/v2\/posts\/158373\/revisions"}],"wp:featuredmedia":[{"embeddable":true,"href":"https:\/\/www.europesays.com\/fr\/wp-json\/wp\/v2\/media\/158374"}],"wp:attachment":[{"href":"https:\/\/www.europesays.com\/fr\/wp-json\/wp\/v2\/media?parent=158373"}],"wp:term":[{"taxonomy":"category","embeddable":true,"href":"https:\/\/www.europesays.com\/fr\/wp-json\/wp\/v2\/categories?post=158373"},{"taxonomy":"post_tag","embeddable":true,"href":"https:\/\/www.europesays.com\/fr\/wp-json\/wp\/v2\/tags?post=158373"}],"curies":[{"name":"wp","href":"https:\/\/api.w.org\/{rel}","templated":true}]}}