{"id":158379,"date":"2025-06-07T12:27:10","date_gmt":"2025-06-07T12:27:10","guid":{"rendered":"https:\/\/www.europesays.com\/fr\/158379\/"},"modified":"2025-06-07T12:27:10","modified_gmt":"2025-06-07T12:27:10","slug":"quand-mbappe-taquine-un-journaliste-avant-allemagne-france","status":"publish","type":"post","link":"https:\/\/www.europesays.com\/fr\/158379\/","title":{"rendered":"quand Mbapp\u00e9 taquine un journaliste avant Allemagne-France"},"content":{"rendered":"<p><strong>LE SCAN SPORT &#8211;<\/strong> Pr\u00e9sent ce samedi en conf\u00e9rence de presse, Kylian Mbapp\u00e9 a \u00e9t\u00e9 questionn\u00e9 au sujet de sa saison avec le Real Madrid.<\/p>\n<p class=\"fig-paragraph\"><a href=\"http:\/\/www.lefigaro.fr\/sports\/football\/ligue-des-nations\/dembele-est-un-tres-grand-mais-nous-sommes-en-finale-yamal-a-encore-marque-les-esprits-la-quete-du-ballon-d-or-relancee-20250606\" data-fig-type=\"NewsFlash\" data-gtm-custom-categorie=\"navigation\" data-gtm-custom-action=\"crossclick\" data-gtm-custom-label=\"Contextuel\" data-gtm-event=\"customEventSPE\" data-fig-domain=\"LEFIGARO\" target=\"_blank\" rel=\"noopener\">Demb\u00e9l\u00e9 Ballon d\u2019Or<\/a>, d\u00e9faite face \u00e0 l\u2019Espagne, match face \u00e0 l\u2019Allemagne&#8230;\u00a0<a href=\"http:\/\/www.lefigaro.fr\/sports\/football\/ligue-des-nations\/niveau-des-bleus-psg-champion-sans-lui-dembele-ballon-d-or-kylian-mbappe-sort-du-silence-20250607\" data-fig-type=\"NewsFlash\" data-gtm-custom-categorie=\"navigation\" data-gtm-custom-action=\"crossclick\" data-gtm-custom-label=\"Contextuel\" data-gtm-event=\"customEventSPE\" data-fig-domain=\"LEFIGARO\" target=\"_blank\" rel=\"noopener\">Kylian Mbapp\u00e9<\/a>\u00a0\u00e9tait en conf\u00e9rence de presse ce samedi pour aborder tous ces sujets. Le capitaine des Bleus s\u2019est surtout montr\u00e9 taquin avec un journaliste pr\u00e9sent \u00e0 Stuttgart, notamment lorsqu\u2019il fut questionn\u00e9 sur sa saison au\u00a0<a href=\"http:\/\/www.lefigaro.fr\/sports\/football\/ronaldo-real-madrid-fins-de-contrat-pourquoi-la-coupe-du-monde-des-clubs-bouleverse-le-mercato-20250603\" data-fig-type=\"NewsFlash\" data-gtm-custom-categorie=\"navigation\" data-gtm-custom-action=\"crossclick\" data-gtm-custom-label=\"Contextuel\" data-gtm-event=\"customEventSPE\" data-fig-domain=\"LEFIGARO\" target=\"_blank\" rel=\"noopener\">Real Madrid<\/a>.<\/p>\n<p class=\"fig-paragraph\">\u00ab Saison blanche\u00a0? Vous \u00eates s\u00fbr\u00a0? Tu regardes les matches\u00a0? On a gagn\u00e9 deux titres. Tu aurais dit majeur, je n\u2019aurais rien dit mais on a gagn\u00e9 deux titres (Supercoupe de l\u2019UEFA et Coupe Intercontinentale, NDLR)\u00bb, a-t-il r\u00e9agi. Avant d\u2019ajouter\u00a0: \u00abLes mots sont importants. Cette saison a \u00e9t\u00e9 enrichissante. Je suis un peu plus dans l\u2019\u0153il du cyclone, \u00e0 moi de travailler. On me colle des choses au dos, c\u2019est nouveau. Je vais travailler.\u00a0\u00bb<\/p>\n","protected":false},"excerpt":{"rendered":"LE SCAN SPORT &#8211; Pr\u00e9sent ce samedi en conf\u00e9rence de presse, Kylian Mbapp\u00e9 a \u00e9t\u00e9 questionn\u00e9 au sujet&hellip;\n","protected":false},"author":2,"featured_media":158380,"comment_status":"","ping_status":"","sticky":false,"template":"","format":"standard","meta":{"footnotes":""},"categories":[1587],"tags":[11,672,828,1804,525,8976,1805,1803,20532,123,1777,674,27,1801,6477,4977,3022,23733,955,23734,12,6996,1802,1980,455],"class_list":{"0":"post-158379","1":"post","2":"type-post","3":"status-publish","4":"format-standard","5":"has-post-thumbnail","7":"category-allemagne","8":"tag-actualites","9":"tag-allemagne","10":"tag-belgique","11":"tag-bundesrepublik-deutschland","12":"tag-calendrier","13":"tag-classements","14":"tag-de","15":"tag-deutschland","16":"tag-didier-deschamps","17":"tag-espagne","18":"tag-eu","19":"tag-europe","20":"tag-france","21":"tag-germany","22":"tag-kylian-mbappe","23":"tag-le-scan-sport","24":"tag-ligue","25":"tag-ligue-des-nations","26":"tag-match","27":"tag-match-en-direct","28":"tag-news","29":"tag-portugal","30":"tag-republique-federale-dallemagne","31":"tag-resultats","32":"tag-uefa"},"share_on_mastodon":{"url":"https:\/\/pubeurope.com\/@fr\/114642081833503422","error":""},"_links":{"self":[{"href":"https:\/\/www.europesays.com\/fr\/wp-json\/wp\/v2\/posts\/158379","targetHints":{"allow":["GET"]}}],"collection":[{"href":"https:\/\/www.europesays.com\/fr\/wp-json\/wp\/v2\/posts"}],"about":[{"href":"https:\/\/www.europesays.com\/fr\/wp-json\/wp\/v2\/types\/post"}],"author":[{"embeddable":true,"href":"https:\/\/www.europesays.com\/fr\/wp-json\/wp\/v2\/users\/2"}],"replies":[{"embeddable":true,"href":"https:\/\/www.europesays.com\/fr\/wp-json\/wp\/v2\/comments?post=158379"}],"version-history":[{"count":0,"href":"https:\/\/www.europesays.com\/fr\/wp-json\/wp\/v2\/posts\/158379\/revisions"}],"wp:featuredmedia":[{"embeddable":true,"href":"https:\/\/www.europesays.com\/fr\/wp-json\/wp\/v2\/media\/158380"}],"wp:attachment":[{"href":"https:\/\/www.europesays.com\/fr\/wp-json\/wp\/v2\/media?parent=158379"}],"wp:term":[{"taxonomy":"category","embeddable":true,"href":"https:\/\/www.europesays.com\/fr\/wp-json\/wp\/v2\/categories?post=158379"},{"taxonomy":"post_tag","embeddable":true,"href":"https:\/\/www.europesays.com\/fr\/wp-json\/wp\/v2\/tags?post=158379"}],"curies":[{"name":"wp","href":"https:\/\/api.w.org\/{rel}","templated":true}]}}