{"id":158393,"date":"2025-06-07T12:34:11","date_gmt":"2025-06-07T12:34:11","guid":{"rendered":"https:\/\/www.europesays.com\/fr\/158393\/"},"modified":"2025-06-07T12:34:11","modified_gmt":"2025-06-07T12:34:11","slug":"volley-ball-spikeligue-un-grand-espoir-du-volley-francais-signe-aux-centurions-narbonne","status":"publish","type":"post","link":"https:\/\/www.europesays.com\/fr\/158393\/","title":{"rendered":"Volley-ball \u2013 SpikeLigue\u00a0: un grand espoir du volley fran\u00e7ais signe aux Centurions Narbonne"},"content":{"rendered":"<p>\n                                                                Il s\u2019agit du central de 21 ans (2\u00a0m 03) Axel Michel, champion d\u2019Europe U22 en 2024 avec l\u2019\u00e9quipe de France. Il arrive en provenance de Toulouse.\n                            <\/p>\n<p>Axel Michel (2\u00a0m 03), central de 21 ans, est la derni\u00e8re recrue en date des Centurions Narbonne. Au contre, il sera le compl\u00e9ment de Miguel Angel Forn\u00e9s et d\u2019Ibrahim Tour\u00e9. Il sera le central num\u00e9ro\u00a03. Axel Michel est un grand espoir du volley fran\u00e7ais, champion d\u2019Europe U22 en 2024 sous le maillot de l\u2019\u00e9quipe de France. Il a r\u00e9alis\u00e9 tout son parcours jeune avec les Bleus. Ces derni\u00e8res ann\u00e9es, il \u00e9voluait \u00e0 Toulouse et a jou\u00e9 \u00e0 quelques reprises avec les professionnels.<\/p>\n<p>\u00ab\u00a0C\u2019est un joueur qui se d\u00e9veloppe peut-\u00eatre un peu plus tardivement que certains gar\u00e7ons du m\u00eame \u00e2ge mais il pr\u00e9sente un profil tr\u00e8s int\u00e9ressant. C\u2019est un vrai contreur\u00a0\u00bb, dit de lui le manager g\u00e9n\u00e9ral des Centurions Narbonne, Michel Mandrou.<\/p>\n<p>Les Centurions Narbonne ont d\u00e9j\u00e0 enregistr\u00e9 les arriv\u00e9es du r\u00e9ceptionneur-attaquant V\u00e9n\u00e9zu\u00e9lien de 30 ans Willner Rivas (1\u00a0m 94), du r\u00e9ceptionneur-attaquant fran\u00e7ais de 28 ans Thibaut Thoral (1\u00a0m 93), du pointu autrichien Michael Czerwinski (2\u00a0m 07, 21 ans), du passeur estonien Robert Viiber, \u00e2g\u00e9 de 28 ans et du central de 31 ans, capitaine de l\u2019\u00e9quipe d\u2019Espagne\u00a0Miguel Angel Forn\u00e9s (2\u00a0m 02). \u00c0 noter que le 26\u00a0f\u00e9vrier 2025, lindependant.fr avait annonc\u00e9 la signature du libero en provenance de S\u00e8te, Enzo Lopez (18 ans, 1\u00a0m 78).<\/p>\n<p>Rappelons que le\u00a0passeur\u00a0Luke Herr, le libero Tomas Ruiz, les centraux Twan Wiltenburg et Tanguy Dijoud, le pointu Casey Schouten, et le r\u00e9ceptionneur-attaquant Lisandro Zanotti ont quitt\u00e9 le club. Seuls sont rest\u00e9s les r\u00e9ceptionneurs-attaquant Liam Patte et Tom Colomb ainsi que le central Ibrahim Tour\u00e9. Et\u00a0le pointu Ramon Rosado.<\/p>\n","protected":false},"excerpt":{"rendered":"Il s\u2019agit du central de 21 ans (2\u00a0m 03) Axel Michel, champion d\u2019Europe U22 en 2024 avec l\u2019\u00e9quipe&hellip;\n","protected":false},"author":2,"featured_media":158394,"comment_status":"","ping_status":"","sticky":false,"template":"","format":"standard","meta":{"footnotes":""},"categories":[1417],"tags":[1011,27,60,1470,1469],"class_list":{"0":"post-158393","1":"post","2":"type-post","3":"status-publish","4":"format-standard","5":"has-post-thumbnail","7":"category-volley","8":"tag-fr","9":"tag-france","10":"tag-sports","11":"tag-volley","12":"tag-volleyball"},"share_on_mastodon":{"url":"https:\/\/pubeurope.com\/@fr\/114642109309236129","error":""},"_links":{"self":[{"href":"https:\/\/www.europesays.com\/fr\/wp-json\/wp\/v2\/posts\/158393","targetHints":{"allow":["GET"]}}],"collection":[{"href":"https:\/\/www.europesays.com\/fr\/wp-json\/wp\/v2\/posts"}],"about":[{"href":"https:\/\/www.europesays.com\/fr\/wp-json\/wp\/v2\/types\/post"}],"author":[{"embeddable":true,"href":"https:\/\/www.europesays.com\/fr\/wp-json\/wp\/v2\/users\/2"}],"replies":[{"embeddable":true,"href":"https:\/\/www.europesays.com\/fr\/wp-json\/wp\/v2\/comments?post=158393"}],"version-history":[{"count":0,"href":"https:\/\/www.europesays.com\/fr\/wp-json\/wp\/v2\/posts\/158393\/revisions"}],"wp:featuredmedia":[{"embeddable":true,"href":"https:\/\/www.europesays.com\/fr\/wp-json\/wp\/v2\/media\/158394"}],"wp:attachment":[{"href":"https:\/\/www.europesays.com\/fr\/wp-json\/wp\/v2\/media?parent=158393"}],"wp:term":[{"taxonomy":"category","embeddable":true,"href":"https:\/\/www.europesays.com\/fr\/wp-json\/wp\/v2\/categories?post=158393"},{"taxonomy":"post_tag","embeddable":true,"href":"https:\/\/www.europesays.com\/fr\/wp-json\/wp\/v2\/tags?post=158393"}],"curies":[{"name":"wp","href":"https:\/\/api.w.org\/{rel}","templated":true}]}}