{"id":158413,"date":"2025-06-07T12:45:24","date_gmt":"2025-06-07T12:45:24","guid":{"rendered":"https:\/\/www.europesays.com\/fr\/158413\/"},"modified":"2025-06-07T12:45:24","modified_gmt":"2025-06-07T12:45:24","slug":"ce-netait-pas-du-tout-pour-vous-pieger-lea-salame-et-anne-elisabeth-lemoine-gros-recadrage-en-plein-direct","status":"publish","type":"post","link":"https:\/\/www.europesays.com\/fr\/158413\/","title":{"rendered":"\u00ab\u00a0Ce n&rsquo;\u00e9tait pas du tout pour vous pi\u00e9ger\u00a0\u00bb, L\u00e9a Salam\u00e9 et Anne-Elisabeth Lemoine, gros recadrage en plein direct"},"content":{"rendered":"<p>      R\u00e9sum\u00e9<\/p>\n<p>Lors d\u2019un \u00e9change t\u00e9l\u00e9vis\u00e9, L\u00e9a Salam\u00e9 a \u00e9t\u00e9 surprise par une proposition inattendue, d\u00e9voilant une facette plus personnelle et \u00e9mue lors d\u2019un moment de confidences.<\/p>\n<p>        Sommaire<\/p>\n<p>Tout commen\u00e7ait pourtant dans la bonne humeur. <a href=\"https:\/\/www.public.fr\/quelle-epoque-lea-salame-revient-avec-force-sur-la-polemique-ardisson\" target=\"_blank\" rel=\"noopener\">L\u00e9a Salam\u00e9<\/a> arrive sur le plateau de France 5, sourire en bandouli\u00e8re, pr\u00eate \u00e0 \u00e9voquer son \u00e9mission \u00ab\u00a0Quelle \u00c9poque !\u00a0\u00bb, son talk-show devenu un rendez-vous incontournable du week-end.<\/p>\n<p>Mais tr\u00e8s vite, <a href=\"https:\/\/www.public.fr\/anne-elisabeth-lemoine-un-chroniqueur-de-c-a-vous-ressort-un-vieux-dossier-embarrassant-pour-l-animatrice\" target=\"_blank\" rel=\"noopener\">Anne-\u00c9lisabeth Lemoine<\/a> glisse une anecdote originale sur le patronyme \u00ab\u00a0Salam\u00e9\u00a0\u00bb, en soulignant qu\u2019aucune commune fran\u00e7aise ne porte ce nom mais qu\u2019un village du nord du Cameroun le revendique fi\u00e8rement. Un clin d\u2019\u0153il g\u00e9olinguistique qui fait sourire, sans d\u00e9sarmer totalement la journaliste.<\/p>\n<p>L\u00e9a Salam\u00e9 : entre rigueur et vuln\u00e9rabilit\u00e9<\/p>\n<p><strong>Mais vient l\u2019instant o\u00f9 l\u2019\u00e9mission bascule<\/strong>. Entre rire et d\u00e9fiance de la part de son invit\u00e9e, Anne \u00c9lisabeth Lemoine s&rsquo;adresse \u00e0 L\u00e9a Salam\u00e9 en lui disant : \u00ab\u00a0Dans Quelle \u00c9poque vous soumettez \u00e0 vos invit\u00e9s une interview que je trouve tr\u00e8s maligne \u00e7a s\u2019appelle le photocall : vous leur proposez de poser des questions \u00e0 plusieurs invit\u00e9s dont on voit la photo et nous on avait envie de vous proposer un photocall made in C \u00e0 vous\u00a0\u00bb.<\/p>\n<p>Visiblement d\u00e9stabilis\u00e9e, <a href=\"https:\/\/www.public.fr\/non-cest-bon-la-lea-salame-stoppe-net-paul-de-saint-sernin\" target=\"_blank\" rel=\"noopener\">la compagne de Rapha\u00ebl Glucksmann<\/a> r\u00e9torque : \u00ab\u00a0Et vous ne m&rsquo;avez pas pr\u00e9venu parce qu\u2019on donne quelques indications (&#8230;) pour qu\u2019on passe pas 3h \u00e0 poser la bonne question comme moi maintenant je vais passer 3h \u00e0 trouver la question\u00a0\u00bb. En toute d\u00e9contraction, comme \u00e0 son habitude <strong>Anne-\u00c9lisabeth Lemoine d\u00e9samorce la situation et r\u00e9pond sourire aux l\u00e8vres<\/strong> : \u00ab\u00a0Ce n\u2019\u00e9tait pas du tout pour vous pi\u00e9ger, c\u2019est qu\u2019on n&rsquo;y a pas pens\u00e9, ce n&rsquo;est pas du tout de la malveillance\u00a0\u00bb.<\/p>\n<p>L\u00e9a Salam\u00e9 vacille face \u00e0 une question plus intime<\/p>\n<p><strong>L&rsquo;\u00e9mission s&rsquo;est termin\u00e9e sur un moment de confidence rare<\/strong> quand Anne-\u00c9lisabeth Lemoine demande \u00e0 L\u00e9a Salam\u00e9 ce qu&rsquo;elle dirait \u00e0 la petite L\u00e9a enfant. Visiblement \u00e9mue, la journaliste a r\u00e9pondu sans filtre : \u00ab\u00a0Quand est-ce que tu vas apprendre \u00e0 souffler et \u00e0 profiter ?\u00a0\u00bb. Ce moment suspendu a offert <strong>un contrechamp inattendu \u00e0 l\u2019image habituellement lisse et cadr\u00e9e de L\u00e9a Salam\u00e9<\/strong>. <\/p>\n<p>L\u00e0 o\u00f9 on la conna\u00eet incisive, tranchante, voire inflexible sur un plateau, <strong>c\u2019est une femme en qu\u00eate d\u2019\u00e9quilibre qui s\u2019est d\u00e9voil\u00e9e<\/strong>. Une L\u00e9a qui, derri\u00e8re le professionnalisme impeccable, se pose les m\u00eames questions existentielles que nous tous : quand est-ce qu\u2019on l\u00e8ve le pied ? Quand est-ce qu\u2019on savoure le chemin au lieu de courir apr\u00e8s la ligne d\u2019arriv\u00e9e ?<\/p>\n<p>      Mentionn\u00e9s dans cet article<\/p>\n<p>\u00c0 lire aussi<\/p>\n","protected":false},"excerpt":{"rendered":"R\u00e9sum\u00e9 Lors d\u2019un \u00e9change t\u00e9l\u00e9vis\u00e9, L\u00e9a Salam\u00e9 a \u00e9t\u00e9 surprise par une proposition inattendue, d\u00e9voilant une facette plus&hellip;\n","protected":false},"author":2,"featured_media":158414,"comment_status":"","ping_status":"","sticky":false,"template":"","format":"standard","meta":{"footnotes":""},"categories":[1356],"tags":[5631,58,59,1011,27,3806,252,1364],"class_list":{"0":"post-158413","1":"post","2":"type-post","3":"status-publish","4":"format-standard","5":"has-post-thumbnail","7":"category-television","8":"tag-anne-elisabeth-lemoine","9":"tag-divertissement","10":"tag-entertainment","11":"tag-fr","12":"tag-france","13":"tag-lea-salame","14":"tag-television","15":"tag-tv"},"share_on_mastodon":{"url":"https:\/\/pubeurope.com\/@fr\/114642152940172967","error":""},"_links":{"self":[{"href":"https:\/\/www.europesays.com\/fr\/wp-json\/wp\/v2\/posts\/158413","targetHints":{"allow":["GET"]}}],"collection":[{"href":"https:\/\/www.europesays.com\/fr\/wp-json\/wp\/v2\/posts"}],"about":[{"href":"https:\/\/www.europesays.com\/fr\/wp-json\/wp\/v2\/types\/post"}],"author":[{"embeddable":true,"href":"https:\/\/www.europesays.com\/fr\/wp-json\/wp\/v2\/users\/2"}],"replies":[{"embeddable":true,"href":"https:\/\/www.europesays.com\/fr\/wp-json\/wp\/v2\/comments?post=158413"}],"version-history":[{"count":0,"href":"https:\/\/www.europesays.com\/fr\/wp-json\/wp\/v2\/posts\/158413\/revisions"}],"wp:featuredmedia":[{"embeddable":true,"href":"https:\/\/www.europesays.com\/fr\/wp-json\/wp\/v2\/media\/158414"}],"wp:attachment":[{"href":"https:\/\/www.europesays.com\/fr\/wp-json\/wp\/v2\/media?parent=158413"}],"wp:term":[{"taxonomy":"category","embeddable":true,"href":"https:\/\/www.europesays.com\/fr\/wp-json\/wp\/v2\/categories?post=158413"},{"taxonomy":"post_tag","embeddable":true,"href":"https:\/\/www.europesays.com\/fr\/wp-json\/wp\/v2\/tags?post=158413"}],"curies":[{"name":"wp","href":"https:\/\/api.w.org\/{rel}","templated":true}]}}