{"id":158427,"date":"2025-06-07T12:52:09","date_gmt":"2025-06-07T12:52:09","guid":{"rendered":"https:\/\/www.europesays.com\/fr\/158427\/"},"modified":"2025-06-07T12:52:09","modified_gmt":"2025-06-07T12:52:09","slug":"quest-ce-que-le-canal-vert-propose-par-la-chine-a-lue","status":"publish","type":"post","link":"https:\/\/www.europesays.com\/fr\/158427\/","title":{"rendered":"qu\u2019est-ce que le \u00abcanal vert\u00bb propos\u00e9 par la Chine \u00e0 l\u2019UE ?"},"content":{"rendered":"<p>P\u00e9kin, qui avait restreint les exportations de ces mat\u00e9riaux strat\u00e9giques en r\u00e9ponse aux droits de douane am\u00e9ricains, se dit pr\u00eat \u00e0 collaborer avec les Europ\u00e9ens si ceux-ci prennent des mesures commerciales \u00abr\u00e9ciproques\u00bb.<\/p>\n<p class=\"fig-paragraph\">La Chine a propos\u00e9 d&rsquo;instaurer un \u00abcanal vert\u00bb pour faciliter les exportations de\u00a0<a href=\"http:\/\/www.lefigaro.fr\/conjoncture\/les-restrictions-chinoises-sur-les-terres-rares-plongent-l-automobile-mondiale-dans-l-incertitude-20250606\" data-fig-type=\"NewsFlash\" data-gtm-custom-categorie=\"navigation\" data-gtm-custom-action=\"crossclick\" data-gtm-custom-label=\"Contextuel\" data-gtm-event=\"customEventSPE\" data-fig-domain=\"LEFIGARO\" target=\"_blank\" rel=\"noopener\">terres rares<\/a>\u00a0vers l&rsquo;Union europ\u00e9enne, a indiqu\u00e9 samedi le minist\u00e8re chinois du Commerce, apr\u00e8s que P\u00e9kin a restreint leur exportation en riposte aux droits de douane am\u00e9ricains. La Chine impose depuis d\u00e9but avril une licence pour l&rsquo;exportation de ces mat\u00e9riaux strat\u00e9giques, dont elle domine plus de 60% de l&rsquo;extraction mini\u00e8re et 92% de leur production raffin\u00e9e \u00e0 l&rsquo;\u00e9chelle mondiale, selon l&rsquo;Agence internationale de l&rsquo;\u00e9nergie. Mais les industriels, notamment du secteur automobile, ont depuis d\u00e9nonc\u00e9 des autorisations d&rsquo;exportations d\u00e9livr\u00e9es au compte-goutte.<\/p>\n<p class=\"fig-paragraph\">\u00abLe contr\u00f4le \u00e0 l&rsquo;exportation des terres rares et d&rsquo;autres mati\u00e8res est une pratique courante \u00e0 l&rsquo;international\u00bb, a affirm\u00e9 samedi un porte-parole du minist\u00e8re chinois du Commerce dans un communiqu\u00e9. Mais \u00abla Chine attache une grande importance aux pr\u00e9occupations de l&rsquo;UE et se dit pr\u00eate \u00e0 \u00e9tablir un canal vert pour les demandes conformes, afin d&rsquo;acc\u00e9l\u00e9rer leur traitement\u00bb, selon la m\u00eame source.<\/p>\n<p>Les dossiers \u00e9pineux du cognac et des voitures chinoises<\/p>\n<p class=\"fig-paragraph\">Ces d\u00e9clarations sont attribu\u00e9es au ministre chinois du Commerce, Wang Wentao, lors d&rsquo;une rencontre mardi avec le commissaire europ\u00e9en charg\u00e9 du commerce et de la s\u00e9curit\u00e9 \u00e9conomique, Maros Sefcovic. Lors de cet \u00e9change, Wang Wentao a en retour esp\u00e9r\u00e9 que \u00abl&rsquo;UE prenne des mesures r\u00e9ciproques et efficaces pour faciliter, s\u00e9curiser et promouvoir les \u00e9changes commerciaux licites de produits technologiques vers la Chine\u00bb.<\/p>\n<p class=\"fig-paragraph\">Les deux responsables ont \u00e9galement abord\u00e9 les dossiers \u00e9pineux li\u00e9s aux exportations de brandy fran\u00e7ais vers la Chine, et aux importations de\u00a0<a href=\"http:\/\/www.lefigaro.fr\/conjoncture\/avec-des-prix-d-entree-de-gamme-le-geant-chinois-byd-s-invite-dans-la-bataille-des-voitures-electriques-20250520\" data-fig-type=\"Article\" data-gtm-custom-categorie=\"navigation\" data-gtm-custom-action=\"crossclick\" data-gtm-custom-label=\"Contextuel\" data-gtm-event=\"customEventSPE\" data-fig-domain=\"LEFIGARO\" target=\"_blank\" rel=\"noopener\">v\u00e9hicules \u00e9lectriques chinois en Europe<\/a>. Les n\u00e9gociations sur un engagement de prix pour les voitures \u00e9lectriques chinoises, vis\u00e9es par une enqu\u00eate anti-dumping de Bruxelles, sont \u00aben phase finale\u00bb, a affirm\u00e9 samedi le minist\u00e8re chinois du Commerce. Quant au cognac fran\u00e7ais, soumis \u00e0 des sanctions chinoises depuis l&rsquo;an dernier, les \u00abdeux parties ont trouv\u00e9 un accord sur les principales clauses\u00bb, a affirm\u00e9 samedi le minist\u00e8re. \u00abSi celui-ci est valid\u00e9, une d\u00e9cision finale pourrait \u00eatre publi\u00e9e avant le 5 juillet\u00bb, ajoute-t-il.<\/p>\n<p class=\"fig-paragraph\">Ces discussions ont lieu \u00e0 l&rsquo;approche du prochain sommet entre l&rsquo;UE et la Chine, qui se tiendra en juillet en Chine, \u00e0 l&rsquo;occasion des 50 ans de la relation entre Bruxelles et P\u00e9kin. Ce sommet pourrait donner lieu \u00e0 un r\u00e9\u00e9quilibrage des relations entre le bloc europ\u00e9en et la Chine, alors que les diff\u00e9rends politiques et commerciaux \u00e9taient tenaces.<\/p>\n","protected":false},"excerpt":{"rendered":"P\u00e9kin, qui avait restreint les exportations de ces mat\u00e9riaux strat\u00e9giques en r\u00e9ponse aux droits de douane am\u00e9ricains, se&hellip;\n","protected":false},"author":2,"featured_media":158428,"comment_status":"","ping_status":"","sticky":false,"template":"","format":"standard","meta":{"footnotes":""},"categories":[6],"tags":[339,340,35,343,345,350,130,344,352,349,33,34,341,313,1011,27,346,342,353,351,347,348,20566,354],"class_list":{"0":"post-158427","1":"post","2":"type-post","3":"status-publish","4":"format-standard","5":"has-post-thumbnail","7":"category-economie","8":"tag-actualite-economique","9":"tag-bourse","10":"tag-business","11":"tag-cac-40","12":"tag-chef-dentreprise","13":"tag-concurrence","14":"tag-consommation","15":"tag-creation-dentreprise","16":"tag-crise","17":"tag-delocalisations","18":"tag-economie","19":"tag-economy","20":"tag-emploi","21":"tag-entreprises","22":"tag-fr","23":"tag-france","24":"tag-grands-patrons","25":"tag-impots","26":"tag-licenciements","27":"tag-monopole","28":"tag-multinationales","29":"tag-privatisation","30":"tag-terres-rares","31":"tag-unio"},"share_on_mastodon":{"url":"https:\/\/pubeurope.com\/@fr\/114642180353628621","error":""},"_links":{"self":[{"href":"https:\/\/www.europesays.com\/fr\/wp-json\/wp\/v2\/posts\/158427","targetHints":{"allow":["GET"]}}],"collection":[{"href":"https:\/\/www.europesays.com\/fr\/wp-json\/wp\/v2\/posts"}],"about":[{"href":"https:\/\/www.europesays.com\/fr\/wp-json\/wp\/v2\/types\/post"}],"author":[{"embeddable":true,"href":"https:\/\/www.europesays.com\/fr\/wp-json\/wp\/v2\/users\/2"}],"replies":[{"embeddable":true,"href":"https:\/\/www.europesays.com\/fr\/wp-json\/wp\/v2\/comments?post=158427"}],"version-history":[{"count":0,"href":"https:\/\/www.europesays.com\/fr\/wp-json\/wp\/v2\/posts\/158427\/revisions"}],"wp:featuredmedia":[{"embeddable":true,"href":"https:\/\/www.europesays.com\/fr\/wp-json\/wp\/v2\/media\/158428"}],"wp:attachment":[{"href":"https:\/\/www.europesays.com\/fr\/wp-json\/wp\/v2\/media?parent=158427"}],"wp:term":[{"taxonomy":"category","embeddable":true,"href":"https:\/\/www.europesays.com\/fr\/wp-json\/wp\/v2\/categories?post=158427"},{"taxonomy":"post_tag","embeddable":true,"href":"https:\/\/www.europesays.com\/fr\/wp-json\/wp\/v2\/tags?post=158427"}],"curies":[{"name":"wp","href":"https:\/\/api.w.org\/{rel}","templated":true}]}}