{"id":158435,"date":"2025-06-07T12:56:17","date_gmt":"2025-06-07T12:56:17","guid":{"rendered":"https:\/\/www.europesays.com\/fr\/158435\/"},"modified":"2025-06-07T12:56:17","modified_gmt":"2025-06-07T12:56:17","slug":"des-centaines-de-musulmans-reunis-au-firmament","status":"publish","type":"post","link":"https:\/\/www.europesays.com\/fr\/158435\/","title":{"rendered":"des centaines de musulmans r\u00e9unis au Firmament"},"content":{"rendered":"<p>\u00ab\u00a0L\u2019A\u00efd est la f\u00eate la plus importante de l\u2019ann\u00e9e, explique l\u2019imam Isma\u00efl. C\u2019est l\u00e0 qu\u2019on sacrifie le mouton.\u00a0\u00bb Juste avant cette f\u00eate, il y a un jour qu\u2019on appelle Harafat, le jour le plus important de l\u2019ann\u00e9e musulmane, le jour o\u00f9 Dieu pardonne les p\u00e9ch\u00e9s, de ceux qui sont en p\u00e8lerinage et ceux qui n\u2019y sont pas. \u00ab\u00a0Ce jour-l\u00e0, il est fortement recommand\u00e9 aux musulmans qui ne sont pas en p\u00e8lerinage de je\u00fbner. Le lendemain, comme apr\u00e8s toutes les adorations, il y a la f\u00eate.\u00a0\u00bb<\/p>\n<p>L\u2019organisation d\u2019un temps de pri\u00e8re<\/p>\n<p>Le jour de l\u2019A\u00efd, qui tombe cette ann\u00e9e le 6\u00a0juin, les gens se rassemblent d\u2019abord pour&#8230;<\/p>\n","protected":false},"excerpt":{"rendered":"\u00ab\u00a0L\u2019A\u00efd est la f\u00eate la plus importante de l\u2019ann\u00e9e, explique l\u2019imam Isma\u00efl. C\u2019est l\u00e0 qu\u2019on sacrifie le mouton.\u00a0\u00bb&hellip;\n","protected":false},"author":2,"featured_media":158436,"comment_status":"","ping_status":"","sticky":false,"template":"","format":"standard","meta":{"footnotes":""},"categories":[9653],"tags":[1111,11,2430,7539,1777,674,10282,10283,1011,27,12,5889,25,4001,104],"class_list":{"0":"post-158435","1":"post","2":"type-post","3":"status-publish","4":"format-standard","5":"has-post-thumbnail","7":"category-saint-etienne","8":"tag-actu","9":"tag-actualites","10":"tag-auvergne-rhone-alpes","11":"tag-edition-loire-sud","12":"tag-eu","13":"tag-europe","14":"tag-firminy","15":"tag-firminy-ville","16":"tag-fr","17":"tag-france","18":"tag-news","19":"tag-religion-croyance","20":"tag-republique-francaise","21":"tag-saint-etienne","22":"tag-societe"},"share_on_mastodon":{"url":"https:\/\/pubeurope.com\/@fr\/114642195838917880","error":""},"_links":{"self":[{"href":"https:\/\/www.europesays.com\/fr\/wp-json\/wp\/v2\/posts\/158435","targetHints":{"allow":["GET"]}}],"collection":[{"href":"https:\/\/www.europesays.com\/fr\/wp-json\/wp\/v2\/posts"}],"about":[{"href":"https:\/\/www.europesays.com\/fr\/wp-json\/wp\/v2\/types\/post"}],"author":[{"embeddable":true,"href":"https:\/\/www.europesays.com\/fr\/wp-json\/wp\/v2\/users\/2"}],"replies":[{"embeddable":true,"href":"https:\/\/www.europesays.com\/fr\/wp-json\/wp\/v2\/comments?post=158435"}],"version-history":[{"count":0,"href":"https:\/\/www.europesays.com\/fr\/wp-json\/wp\/v2\/posts\/158435\/revisions"}],"wp:featuredmedia":[{"embeddable":true,"href":"https:\/\/www.europesays.com\/fr\/wp-json\/wp\/v2\/media\/158436"}],"wp:attachment":[{"href":"https:\/\/www.europesays.com\/fr\/wp-json\/wp\/v2\/media?parent=158435"}],"wp:term":[{"taxonomy":"category","embeddable":true,"href":"https:\/\/www.europesays.com\/fr\/wp-json\/wp\/v2\/categories?post=158435"},{"taxonomy":"post_tag","embeddable":true,"href":"https:\/\/www.europesays.com\/fr\/wp-json\/wp\/v2\/tags?post=158435"}],"curies":[{"name":"wp","href":"https:\/\/api.w.org\/{rel}","templated":true}]}}