{"id":158455,"date":"2025-06-07T13:06:30","date_gmt":"2025-06-07T13:06:30","guid":{"rendered":"https:\/\/www.europesays.com\/fr\/158455\/"},"modified":"2025-06-07T13:06:30","modified_gmt":"2025-06-07T13:06:30","slug":"people-une-actrice-de-la-serie-culte-greys-anatomy-est-originaire-de-grenoble","status":"publish","type":"post","link":"https:\/\/www.europesays.com\/fr\/158455\/","title":{"rendered":"People. Une actrice de la s\u00e9rie culte Grey&rsquo;s Anatomy est originaire de Grenoble"},"content":{"rendered":"<p>Au panth\u00e9on des s\u00e9ries de l\u00e9gende, Grey&rsquo;s Anatomy aurait surement sa place. Apr\u00e8s 21 saisons (le premier \u00e9pisode a \u00e9t\u00e9 diffus\u00e9 en 2005 !), elle reste dans le top 10 des shows les plus regard\u00e9s en France.<\/p>\n<p>Mais est-ce que vous saviez qu\u2019une de ses actrices est non seulement fran\u00e7aise mais aussi originaire de Grenoble\u00a0?\u00a0<\/p>\n<p>L\u2019actrice en question, c\u2019est Jaicy Elliot, alias le Dr Taryn Helm, qui a int\u00e9gr\u00e9e le casting lors de la saison 14.\u00a0<\/p>\n<p>  \u00ab\u00a0Grandissant \u00e0 Grenoble, \u00e7a me semblait pas tout \u00e0 fait accessible\u00a0\u00bb<\/p>\n<p>Dans une interview, elle a r\u00e9cemment confi\u00e9 au m\u00e9dia Seriously : \u00ab\u00a0J&rsquo;ai grandi \u00e0 Grenoble, ma m\u00e8re est fran\u00e7aise, toute sa famille vient de Grenoble et mon p\u00e8re est Am\u00e9ricain. Je n&rsquo;ai jamais vraiment pens\u00e9 que je viendrais vivre aux \u00c9tats-Unis, et encore moins \u00e0 Los Angeles.\u00a0\u00bb Elle ajoute\u00a0: \u00ab Grandissant \u00e0 Grenoble, \u00e7a me semblait pas tout \u00e0 fait accessible\u00a0\u00bb.<\/p>\n<p>Elle a finalement suivi les Cours Florent avant de s&rsquo;envoler pour les \u00c9tats-Unis \u00e0 l&rsquo;\u00e2ge de 21 ans et de tenter sa chance.<\/p>\n","protected":false},"excerpt":{"rendered":"Au panth\u00e9on des s\u00e9ries de l\u00e9gende, Grey&rsquo;s Anatomy aurait surement sa place. Apr\u00e8s 21 saisons (le premier \u00e9pisode&hellip;\n","protected":false},"author":2,"featured_media":158456,"comment_status":"","ping_status":"","sticky":false,"template":"","format":"standard","meta":{"footnotes":""},"categories":[9566],"tags":[1111,11,2430,650,1687,112,1777,674,107,1011,27,2731,1757,108,12,973,25,273,2205],"class_list":{"0":"post-158455","1":"post","2":"type-post","3":"status-publish","4":"format-standard","5":"has-post-thumbnail","7":"category-grenoble","8":"tag-actu","9":"tag-actualites","10":"tag-auvergne-rhone-alpes","11":"tag-cinema","12":"tag-culture-loisirs","13":"tag-edition-grenoble-agglomeration","14":"tag-eu","15":"tag-europe","16":"tag-fil-info","17":"tag-fr","18":"tag-france","19":"tag-grenoble","20":"tag-insolite","21":"tag-isere","22":"tag-news","23":"tag-people","24":"tag-republique-francaise","25":"tag-selection-de-la-redaction","26":"tag-television-medias"},"share_on_mastodon":{"url":"https:\/\/pubeurope.com\/@fr\/114642235214120912","error":""},"_links":{"self":[{"href":"https:\/\/www.europesays.com\/fr\/wp-json\/wp\/v2\/posts\/158455","targetHints":{"allow":["GET"]}}],"collection":[{"href":"https:\/\/www.europesays.com\/fr\/wp-json\/wp\/v2\/posts"}],"about":[{"href":"https:\/\/www.europesays.com\/fr\/wp-json\/wp\/v2\/types\/post"}],"author":[{"embeddable":true,"href":"https:\/\/www.europesays.com\/fr\/wp-json\/wp\/v2\/users\/2"}],"replies":[{"embeddable":true,"href":"https:\/\/www.europesays.com\/fr\/wp-json\/wp\/v2\/comments?post=158455"}],"version-history":[{"count":0,"href":"https:\/\/www.europesays.com\/fr\/wp-json\/wp\/v2\/posts\/158455\/revisions"}],"wp:featuredmedia":[{"embeddable":true,"href":"https:\/\/www.europesays.com\/fr\/wp-json\/wp\/v2\/media\/158456"}],"wp:attachment":[{"href":"https:\/\/www.europesays.com\/fr\/wp-json\/wp\/v2\/media?parent=158455"}],"wp:term":[{"taxonomy":"category","embeddable":true,"href":"https:\/\/www.europesays.com\/fr\/wp-json\/wp\/v2\/categories?post=158455"},{"taxonomy":"post_tag","embeddable":true,"href":"https:\/\/www.europesays.com\/fr\/wp-json\/wp\/v2\/tags?post=158455"}],"curies":[{"name":"wp","href":"https:\/\/api.w.org\/{rel}","templated":true}]}}