{"id":158470,"date":"2025-06-07T13:14:25","date_gmt":"2025-06-07T13:14:25","guid":{"rendered":"https:\/\/www.europesays.com\/fr\/158470\/"},"modified":"2025-06-07T13:14:25","modified_gmt":"2025-06-07T13:14:25","slug":"des-centaines-de-livres-a-1-euro-une-vente-exceptionnelle-organisee","status":"publish","type":"post","link":"https:\/\/www.europesays.com\/fr\/158470\/","title":{"rendered":"des centaines de livres \u00e0 1 euro, une vente exceptionnelle organis\u00e9e"},"content":{"rendered":"<p>            Par<br \/>\n        <strong><br \/>\n            <a href=\"https:\/\/actu.fr\/auteur\/clemence-pays02-actu-fr\" title=\"Consulter tous les articles de Cl\u00e9mence Pays\" rel=\"nofollow noopener\" target=\"_blank\">Cl\u00e9mence Pays<\/a><br \/>\n        <\/strong><\/p>\n<p>        Publi\u00e9 le<\/p>\n<p>            7 juin 2025 \u00e0 9h30        <\/p>\n<p>C\u2019est le bon plan pour les amateurs de litt\u00e9rature. Durant une semaine, <strong>des centaines de livres<\/strong> seront \u00e0 vendre \u00e0 <a href=\"https:\/\/actu.fr\/pays-de-la-loire\/carquefou_44026\" rel=\"nofollow noopener\" target=\"_blank\">Carquefou<\/a>, pr\u00e8s de Nantes, pour la modique somme de <strong>1\u00a0euro.<\/strong><\/p>\n<p class=\" wall-content\">Cette <strong>vente exceptionnelle<\/strong> est organis\u00e9e par la m\u00e9diath\u00e8que H\u00e9l\u00e8ne-carri\u00e8re-d\u2019Encausse en pr\u00e9vision de son <strong>d\u00e9m\u00e9nagement.<\/strong> En effet, celle-ci va conna\u00eetre d\u2019importants travaux de r\u00e9novation et d\u2019extension entra\u00eenant sa<strong> fermeture \u00e0 compter du samedi 14\u00a0juin 2025.<\/strong> Et ce, pour une dur\u00e9e estim\u00e9e \u00e0 18\u00a0mois.<\/p>\n<p class=\" wall-content\">\u00ab\u2009Cela nous permet de <strong>vider les stocks<\/strong> avant la p\u00e9riode de fermeture compl\u00e8te durant l\u2019\u00e9t\u00e9 et avant notre d\u00e9m\u00e9nagement provisoire aux Renaudi\u00e8res\u2009\u00bb, explique la m\u00e9diath\u00e8que, contact\u00e9e par <a href=\"https:\/\/actu.fr\/nantes\/\" rel=\"nofollow noopener\" target=\"_blank\">actu Nantes<\/a>.<\/p>\n<p class=\" wall-content\"><a href=\"https:\/\/www.instagram.com\/p\/DKaHk6Apfhm\/embed\" title=\"Ouvrir le lien sur Instagram\" rel=\"nofollow noopener\" target=\"_blank\">Visualiser le contenu sur Instagram<\/a><\/p>\n<p>Des livres, mais pas que<\/p>\n<p class=\" wall-content\">Lors de cette vente, \u00ab\u2009il y aura <strong>un peu de tout\u2009:<\/strong> des livres adulte et jeunesse, documentaire, roman, album\u2026\u2009\u00bb, \u00e9num\u00e8re la m\u00e9diath\u00e8que. En plus <strong>des livres, des CD, mais aussi des jeux<\/strong> seront propos\u00e9s.<\/p>\n<p class=\" wall-content\">Celle-ci aura lieu <strong>du samedi\u00a07 au samedi 14\u00a0juin 2025<\/strong> et est ouverte \u00e0 toutes et tous, pas besoin d\u2019\u00eatre abonn\u00e9.<\/p>\n<p>Vid\u00e9os : en ce moment sur Actu<\/p>\n<p><strong>Infos pratiques\u2009:<\/strong><br \/>Du samedi\u00a07 au samedi 14\u00a0juin 2025, grande vente \u00e0 la m\u00e9diath\u00e8que H\u00e9l\u00e8ne-Carr\u00e8re-d\u2019Encausse, 22 rue Andr\u00e9-Maurois, \u00e0 Carquefou.<br \/>Vente accessible durant les horaires d\u2019ouverture de la m\u00e9diath\u00e8que\u2009: mardi et vendredi, de 14\u2009h \u00e0 18\u2009h\u200930\u2009; mercredi, de 10\u2009h \u00e0 12\u2009h\u200930 et de 14\u2009h \u00e0 18\u2009h\u200930\u2009; samedi, de 10\u2009h \u00e0 17\u2009h. Ferm\u00e9 le lundi et dimanche.<\/p>\n<p class=\" wall-content\">Suivez toute l\u2019actualit\u00e9 de vos villes et m\u00e9dias favoris en vous inscrivant \u00e0 <a href=\"https:\/\/moncompte.actu.fr\" title=\"D\u00e9couvez Mon Actu\" rel=\"nofollow noopener\" data-trk=\"{&quot;cta&quot;:{&quot;action&quot;:&quot;https:\\\/\\\/moncompte.actu.fr&quot;,&quot;category&quot;:&quot;mon compte&quot;,&quot;from&quot;:&quot;article footer&quot;,&quot;name&quot;:&quot;Mon actu&quot;,&quot;type&quot;:&quot;cta&quot;}}\" target=\"_blank\">Mon Actu<\/a>.<\/p>\n<p>                    <script async src=\"\/\/www.instagram.com\/embed.js\"><\/script><\/p>\n","protected":false},"excerpt":{"rendered":"Par Cl\u00e9mence Pays Publi\u00e9 le 7 juin 2025 \u00e0 9h30 C\u2019est le bon plan pour les amateurs de&hellip;\n","protected":false},"author":2,"featured_media":158471,"comment_status":"","ping_status":"","sticky":false,"template":"","format":"standard","meta":{"footnotes":""},"categories":[2818],"tags":[1111,11,677,1777,674,1011,27,1380,766,12,2636,25,104],"class_list":{"0":"post-158470","1":"post","2":"type-post","3":"status-publish","4":"format-standard","5":"has-post-thumbnail","7":"category-nantes","8":"tag-actu","9":"tag-actualites","10":"tag-bons-plans","11":"tag-eu","12":"tag-europe","13":"tag-fr","14":"tag-france","15":"tag-livres","16":"tag-nantes","17":"tag-news","18":"tag-pays-de-la-loire","19":"tag-republique-francaise","20":"tag-societe"},"share_on_mastodon":{"url":"https:\/\/pubeurope.com\/@fr\/114642266665320567","error":""},"_links":{"self":[{"href":"https:\/\/www.europesays.com\/fr\/wp-json\/wp\/v2\/posts\/158470","targetHints":{"allow":["GET"]}}],"collection":[{"href":"https:\/\/www.europesays.com\/fr\/wp-json\/wp\/v2\/posts"}],"about":[{"href":"https:\/\/www.europesays.com\/fr\/wp-json\/wp\/v2\/types\/post"}],"author":[{"embeddable":true,"href":"https:\/\/www.europesays.com\/fr\/wp-json\/wp\/v2\/users\/2"}],"replies":[{"embeddable":true,"href":"https:\/\/www.europesays.com\/fr\/wp-json\/wp\/v2\/comments?post=158470"}],"version-history":[{"count":0,"href":"https:\/\/www.europesays.com\/fr\/wp-json\/wp\/v2\/posts\/158470\/revisions"}],"wp:featuredmedia":[{"embeddable":true,"href":"https:\/\/www.europesays.com\/fr\/wp-json\/wp\/v2\/media\/158471"}],"wp:attachment":[{"href":"https:\/\/www.europesays.com\/fr\/wp-json\/wp\/v2\/media?parent=158470"}],"wp:term":[{"taxonomy":"category","embeddable":true,"href":"https:\/\/www.europesays.com\/fr\/wp-json\/wp\/v2\/categories?post=158470"},{"taxonomy":"post_tag","embeddable":true,"href":"https:\/\/www.europesays.com\/fr\/wp-json\/wp\/v2\/tags?post=158470"}],"curies":[{"name":"wp","href":"https:\/\/api.w.org\/{rel}","templated":true}]}}