{"id":158475,"date":"2025-06-07T13:17:14","date_gmt":"2025-06-07T13:17:14","guid":{"rendered":"https:\/\/www.europesays.com\/fr\/158475\/"},"modified":"2025-06-07T13:17:14","modified_gmt":"2025-06-07T13:17:14","slug":"annecy-bordeaux-le-groupe-des-girondines-pour-ce-match-decisif","status":"publish","type":"post","link":"https:\/\/www.europesays.com\/fr\/158475\/","title":{"rendered":"Annecy-Bordeaux : le groupe des Girondines pour ce match d\u00e9cisif"},"content":{"rendered":"<p><img decoding=\"async\" src=\"https:\/\/www.europesays.com\/fr\/wp-content\/uploads\/2025\/06\/671_112d3d46f8d85d5adb08add2910a2e7a.jpg\" alt=\"Annecy-Bordeaux : le groupe des Girondines pour ce match d\u00e9cisif\" class=\"img-responsive mt-3\"\/><\/p>\n<p class=\"text-center mb-3\" style=\"font-size: 14px\">\u00a9 Iconsport<\/p>\n<p style=\"text-align: justify;\">L&rsquo;entraineur des bordelaises Romain Vitry a s\u00e9lectionn\u00e9 16 joueuses pour ce match crucial. Ce sont les m\u00eames joueuses que lors du match aller remport\u00e9 4 buts \u00e0 1 par Bordeaux.<\/p>\n<p><strong>Gardiennes<\/strong> : Orph\u00e9e Roubine, Len\u00e9 Lambret.<\/p>\n<p style=\"text-align: justify;\"><strong>D\u00e9fenseuses<\/strong> : Andr\u00e9a Lardez, Mathilde Meunier, Amandine Herbert, Kiani Wong, Elsa Dufau, Axelle Graveleau.<\/p>\n<p style=\"text-align: justify;\"><strong>Milieux<\/strong> : Aliz\u00e9e Ribeiro, Stella Grondin, Sophie Istillart, Julia Roux.<\/p>\n<p style=\"text-align: justify;\"><strong>Attaquantes<\/strong> : Noellie Koutassila, Chiara Baylet, Ilona Koko, Sarah Guellil.<\/p>\n<p style=\"text-align: justify;\">Les joueuses et le staff ont pris la route vers Annecy ce samedi.<\/p>\n<p style=\"text-align: justify;\">La rencontre n&rsquo;est pas diffus\u00e9e en vid\u00e9o, mais sera \u00e0 suivre en live texte sur WebGirondins.\u00a0<\/p>\n<p style=\"text-align: justify;\">\u00c0 lire &gt;&gt;\u00a0<strong><a href=\"https:\/\/www.webgirondins.com\/actualite-girondins-girondins-les-surprenantes-remunerations-des-administratifs-du-fcgb-karim-saada-john-williams-et-les-autres-129330\" target=\"_blank\" rel=\"noopener\">Les surprenantes r\u00e9mun\u00e9rations des administratifs du FCGB, Karim Saada, John Williams et les autres<\/a><\/strong><\/p>\n<p style=\"text-align: justify;\"><strong>\u00a0<\/strong><\/p>\n<p>Notre podcast court \u00e0 \u00e9couter :<\/p>\n<p>\u00a0<\/p>\n<p>\u00a0<\/p>\n","protected":false},"excerpt":{"rendered":"\u00a9 Iconsport L&rsquo;entraineur des bordelaises Romain Vitry a s\u00e9lectionn\u00e9 16 joueuses pour ce match crucial. Ce sont les&hellip;\n","protected":false},"author":2,"featured_media":158476,"comment_status":"","ping_status":"","sticky":false,"template":"","format":"standard","meta":{"footnotes":""},"categories":[2817],"tags":[8369,1111,11,3987,3853,14760,1997,7685,3474,8374,1777,674,1011,27,8366,1987,2705,15527,955,12,2219,471,25,28943,8133],"class_list":{"0":"post-158475","1":"post","2":"type-post","3":"status-publish","4":"format-standard","5":"has-post-thumbnail","7":"category-bordeaux","8":"tag-accession","9":"tag-actu","10":"tag-actualites","11":"tag-affronter","12":"tag-annecy","13":"tag-barrage","14":"tag-bordeaux","15":"tag-decisif","16":"tag-decouvrez","17":"tag-division","18":"tag-eu","19":"tag-europe","20":"tag-fr","21":"tag-france","22":"tag-girondines","23":"tag-girondins","24":"tag-groupe","25":"tag-joueuses","26":"tag-match","27":"tag-news","28":"tag-nouvelle-aquitaine","29":"tag-pour","30":"tag-republique-francaise","31":"tag-retenues","32":"tag-retour"},"share_on_mastodon":{"url":"https:\/\/pubeurope.com\/@fr\/114642278616569994","error":""},"_links":{"self":[{"href":"https:\/\/www.europesays.com\/fr\/wp-json\/wp\/v2\/posts\/158475","targetHints":{"allow":["GET"]}}],"collection":[{"href":"https:\/\/www.europesays.com\/fr\/wp-json\/wp\/v2\/posts"}],"about":[{"href":"https:\/\/www.europesays.com\/fr\/wp-json\/wp\/v2\/types\/post"}],"author":[{"embeddable":true,"href":"https:\/\/www.europesays.com\/fr\/wp-json\/wp\/v2\/users\/2"}],"replies":[{"embeddable":true,"href":"https:\/\/www.europesays.com\/fr\/wp-json\/wp\/v2\/comments?post=158475"}],"version-history":[{"count":0,"href":"https:\/\/www.europesays.com\/fr\/wp-json\/wp\/v2\/posts\/158475\/revisions"}],"wp:featuredmedia":[{"embeddable":true,"href":"https:\/\/www.europesays.com\/fr\/wp-json\/wp\/v2\/media\/158476"}],"wp:attachment":[{"href":"https:\/\/www.europesays.com\/fr\/wp-json\/wp\/v2\/media?parent=158475"}],"wp:term":[{"taxonomy":"category","embeddable":true,"href":"https:\/\/www.europesays.com\/fr\/wp-json\/wp\/v2\/categories?post=158475"},{"taxonomy":"post_tag","embeddable":true,"href":"https:\/\/www.europesays.com\/fr\/wp-json\/wp\/v2\/tags?post=158475"}],"curies":[{"name":"wp","href":"https:\/\/api.w.org\/{rel}","templated":true}]}}