{"id":158479,"date":"2025-06-07T13:19:16","date_gmt":"2025-06-07T13:19:16","guid":{"rendered":"https:\/\/www.europesays.com\/fr\/158479\/"},"modified":"2025-06-07T13:19:16","modified_gmt":"2025-06-07T13:19:16","slug":"toulouse-avec-ses-photos-dun-autre-temps-il-rend-hommage-au-quartier-jolimont-lors-dune-exposition","status":"publish","type":"post","link":"https:\/\/www.europesays.com\/fr\/158479\/","title":{"rendered":"Toulouse. Avec ses photos d&rsquo;un autre temps, il rend hommage au quartier Jolimont lors d&rsquo;une exposition"},"content":{"rendered":"<p>            Par<br \/>\n        <strong><br \/>\n            <a href=\"https:\/\/actu.fr\/auteur\/nina-hossein-zadeh\" title=\"Consulter tous les articles de Nina Hossein-Zadeh\" rel=\"nofollow noopener\" target=\"_blank\">Nina Hossein-Zadeh<\/a><br \/>\n        <\/strong><\/p>\n<p>        Publi\u00e9 le<\/p>\n<p>            7 juin 2025 \u00e0 15h16        <\/p>\n<p>Dans les rues de <a href=\"https:\/\/actu.fr\/toulouse\/\" rel=\"nofollow noopener\" target=\"_blank\">Toulouse,<\/a> <strong>Renaud Lacorte<\/strong> se balade avec un v\u00e9ritable studio de photographie\u2026 Un mat\u00e9riel d\u2019un autre temps qui peut surprendre les passants. Avec son appareil \u00e0 soufflet, il photographie le patrimoine de la Ville rose<strong> au collodion humide, une technique des ann\u00e9es 1850<\/strong>. Le 7\u00a0juin 2025, il rend hommage au quartier Jolimont \u00e0 l\u2019occasion d\u2019<strong>une exposition au Grand Bazar<\/strong>. Rencontre.<\/p>\n<p>Dans les archives de la Seconde Guerre mondiale<\/p>\n<p class=\" wall-content\">Amoureux de la photo, de jolis clich\u00e9s aux diff\u00e9rentes nuances de gris, Renaud Lacorte est le photographe qu\u2019il vous faut \u00e0 Toulouse, un des rares en France a faire vivre la technique du collodion humide.<\/p>\n<p class=\" wall-content\">Toulousain depuis ses premiers jours, Renaud est tomb\u00e9 dans la photo quand il \u00e9tait petit. \u00ab\u2009Ma m\u00e8re a toujours \u00e9t\u00e9 attir\u00e9e par les arts plastiques et elle \u00e9tait tr\u00e8s photographie.\u2009\u00bb Plus jeune, il prend plaisir \u00e0 photographier les manifestants avec le bo\u00eetier r\u00e9flexe de sa m\u00e8re.<\/p>\n<p class=\" wall-content\"><strong>La passion devient un m\u00e9tier,<\/strong> apr\u00e8s avoir fait ses \u00e9tudes \u00e0 l\u2019ETPA, fond\u00e9e par Jean Dieuzaide, \u00e0 Toulouse. Sa carri\u00e8re d\u00e9bute dans les archives\u2009: de Paris-Match au minist\u00e8re des arm\u00e9es, Renaud num\u00e9rise les fonds.<\/p>\n<p class=\" wall-content\">\u00ab\u2009Je faisais notamment des plaques de verres de la Seconde Guerre mondiale sur les aviateurs. Quand ils partaient au combat, ils se prenaient devant leur avion, dans le cas o\u00f9 on ne le reverrait plus. C\u2019\u00e9tait en guise d\u2019honneur. C\u2019est stup\u00e9fiant de voir comment<strong> la plage de gris de ces photos a tenu avec le temps, contrairement aux photos num\u00e9riques.<\/strong>\u2009\u00bb<\/p>\n<p>Vid\u00e9os : en ce moment sur ActuLes fonds Georges Ancely, un d\u00e9clic<\/p>\n<p class=\" wall-content\">C\u2019\u00e9tait la premi\u00e8re fois que Renaud touchait ces plaques photographiques r\u00e9alis\u00e9es au collodion, mais vraisemblablement pas la derni\u00e8re. En 2022, une mission l\u2019emm\u00e8ne \u00e0 num\u00e9riser <a href=\"https:\/\/actu.fr\/occitanie\/toulouse_31555\/patrimoine-il-a-donne-son-nom-a-un-quartier-de-toulouse-mais-qui-etait-georges-ancely_43382885.html\" rel=\"nofollow noopener\" target=\"_blank\"><strong>les fonds de Georges Ancely<\/strong><\/a>, c\u00e9l\u00e8bre commer\u00e7ant et photographe de Toulouse.<\/p>\n<p class=\" wall-content\">\u00ab\u2009\u00c7a m\u2019a fait vriller\u2009: la d\u00e9finition de la photo, les compositions\u2026 Ils avaient l\u2019\u0153il \u00e0 l\u2019\u00e9poque\u2009! J\u2019ai d\u00fb num\u00e9riser plus de 250 plaques.\u2009\u00bb<\/p>\n<p class=\" wall-content\">C\u2019est \u00e0 cet instant que lui vient le d\u00e9clic\u2009: Renaud va user de ses comp\u00e9tences, s\u2019atteler \u00e0 quelques recherches minutieuses et va se sp\u00e9cialiser dans la photographie au collodion humide.<\/p>\n<p>    <img   decoding=\"async\" loading=\"lazy\" src=\"https:\/\/www.europesays.com\/fr\/wp-content\/uploads\/2025\/06\/vagabond-tintype-chambre-photographique-devant-cimetiere-terre-cabade-credits-images-renaud-lacorte-.jpeg\" alt=\"Renaud Lacorte utilise un appareil \u00e0 soufflet en bois de cerisier, fabriqu\u00e9 au japon.\" width=\"960\" height=\"640\"\/><br \/>\n    Renaud Lacorte utilise un appareil \u00e0 soufflet en bois de cerisier, fabriqu\u00e9 au japon. (\u00a9Renaud Lacorte)Le collodion humide, quesaco\u2009?<\/p>\n<p class=\" wall-content\">Cette technique a vu le jour en 1851, sous l\u2019\u00e9gide de Fr\u00e9d\u00e9rick Scott Archer, un photographe britannique. Muni d\u2019une plaque en verre ou en m\u00e9tal, tout se joue en l\u2019espace de quelques minutes.<\/p>\n<p class=\" wall-content\">Apr\u00e8s avoir vers\u00e9 sur la plaque le collodion, un vernis qui permet de sensibiliser, photographier, d\u00e9velopper et fixer l\u2019image, <strong>Renaud dispose de 15\u00a0minutes pour capturer sa photo avant que le produit ne s\u00e8che.<\/strong> C\u2019est pour cette raison qu\u2019il se trimballe avec son studio ambulant. \u00ab\u2009Je porte sur mon chariot pr\u00e8s de 40\u00a0kg de mat\u00e9riel\u2009!\u2009\u00bb.<\/p>\n<p class=\" wall-content\"><strong>Tout est fait maison pour le tirage d\u2019une photo<\/strong>\u2009: les m\u00e9langes et la bonne formule des liquides utilis\u00e9s, pr\u00e9par\u00e9s \u00e0 l\u2019avance, tout comme les plaques en m\u00e9tal r\u00e9alis\u00e9es sur mesure par un artisan local.<\/p>\n<p>    <img   decoding=\"async\" loading=\"lazy\" src=\"https:\/\/www.europesays.com\/fr\/wp-content\/uploads\/2025\/06\/vagabond-tintype-prise-de-vue-ambulante-frabique-giscard-credits-images-renaud-lacorte-960x640.png\" alt=\"Sur la plaque en m\u00e9tal, Renaud verse du collodion avant de prendre son clich\u00e9 et que la photo n'apparaisse. \" width=\"960\" height=\"640\"\/><br \/>\n    Sur la plaque en m\u00e9tal, Renaud verse du collodion avant de prendre son clich\u00e9 et que la photo n\u2019apparaisse. (\u00a9Renaud Lacorte)Une exposition au Grand Bazar<\/p>\n<p class=\" wall-content\">Lors de son passage \u00e0 Jolimont pour pr\u00e9parer son exposition, Renaud confie y avoir pass\u00e9 du temps. \u00ab\u2009Pour une photo de patrimoine,<strong> \u00e7a peut me prendre 3\u00a0heures.\u2009\u00bb Il faut dire que tout est scrut\u00e9 \u00e0 la loupe pour que le clich\u00e9 soit r\u00e9ussi.<\/strong><\/p>\n<p class=\" wall-content\">L\u2019altitude, la lumi\u00e8re, le temps et les rayons du soleil influent sur la photo. \u00ab\u2009Je n\u2019ai pas le droit \u00e0 l\u2019erreur, je ne vais pas pouvoir retoucher derri\u00e8re. Quand je fais ma photo maintenant, je sais qu\u2019elle est bonne.\u2009\u00bb<\/p>\n<p class=\" wall-content\">L\u2019observatoire de Jolimont, le cimeti\u00e8re de Terre Cabade et plein d\u2019autres monuments du quartier et surprises seront \u00e0 d\u00e9couvrir lors de <strong>son exposition au Grand Bazar, \u00e0 d\u00e9couvrir du 7 jusqu\u2019au 21\u00a0juin 2025.<\/strong><\/p>\n<p class=\" wall-content\">L\u2019inauguration se tiendra \u00e0 18\u2009h\u200930 avec deux artistes.<strong> Deux studios \u00e9ph\u00e9m\u00e8res pour tirer son portrait<\/strong> auront \u00e9galement lieu le dimanche\u00a015 de 11\u2009h \u00e0 18\u2009h et le lundi 16\u00a0juin de 10\u2009h \u00e0 17\u2009h.<\/p>\n<p>    <img   decoding=\"async\" loading=\"lazy\" src=\"https:\/\/www.europesays.com\/fr\/wp-content\/uploads\/2025\/06\/vagabond-tintype-prise-de-vue-ambulante-colonne-de-jolimont-credits-images-renaud-lacorte-960x640.pn.png\" alt=\"Du 7 au 21 juin, Renaud Lacorte rend hommage au patrimoine de Jolimont lors d'une exposition photo au Grand Bazar.\" width=\"960\" height=\"640\"\/><br \/>\n    Du 7 au 21\u00a0juin, Renaud Lacorte rend hommage au patrimoine de Jolimont lors d\u2019une exposition photo au Grand Bazar. (\u00a9Renaud Lacorte)Se faire tirer le portrait<\/p>\n<p class=\" wall-content\">Plus tard, \u00e0 l\u2019automne, ses clich\u00e9s s\u2019exposeront aussi \u00e0 L\u2019Union, dans le cadre d\u2019une collaboration pour mettre en lumi\u00e8re le patrimoine de la commune.<\/p>\n<p class=\" wall-content\">Et quand Renaud n\u2019expose pas, il re\u00e7oit chez lui pour tirer le portrait de ses clients. \u00ab\u2009Ma formule pr\u00e9f\u00e9r\u00e9e, c\u2019est le couple.\u2009\u00bb Pour r\u00e9server une s\u00e9ance, rendez-vous sur <a href=\"https:\/\/www.vagabondtintype.fr\/\" rel=\"nofollow noopener\" target=\"_blank\">son site internet<\/a>.<\/p>\n<p>Exposition visible du 7 au 21\u00a0juin au Grand Bazar.<br \/>Pour tirer son portrait\u2009: rendez dimanche 15\u00a0juin de 11\u2009h \u00e0 18\u2009h et lundi 16\u00a0juin de 10\u2009h \u00e0 17\u2009h.<\/p>\n<p class=\" wall-content\">Suivez toute l\u2019actualit\u00e9 de vos villes et m\u00e9dias favoris en vous inscrivant \u00e0 <a href=\"https:\/\/moncompte.actu.fr\" title=\"D\u00e9couvez Mon Actu\" rel=\"nofollow noopener\" data-trk=\"{&quot;cta&quot;:{&quot;action&quot;:&quot;https:\\\/\\\/moncompte.actu.fr&quot;,&quot;category&quot;:&quot;mon compte&quot;,&quot;from&quot;:&quot;article footer&quot;,&quot;name&quot;:&quot;Mon actu&quot;,&quot;type&quot;:&quot;cta&quot;}}\" target=\"_blank\">Mon Actu<\/a>.<\/p>\n","protected":false},"excerpt":{"rendered":"Par Nina Hossein-Zadeh Publi\u00e9 le 7 juin 2025 \u00e0 15h16 Dans les rues de Toulouse, Renaud Lacorte se&hellip;\n","protected":false},"author":2,"featured_media":158480,"comment_status":"","ping_status":"","sticky":false,"template":"","format":"standard","meta":{"footnotes":""},"categories":[2816],"tags":[1111,11,1477,1777,674,1349,1011,27,1652,12,2680,1756,25,2312],"class_list":{"0":"post-158479","1":"post","2":"type-post","3":"status-publish","4":"format-standard","5":"has-post-thumbnail","7":"category-toulouse","8":"tag-actu","9":"tag-actualites","10":"tag-artisanat","11":"tag-eu","12":"tag-europe","13":"tag-expositions","14":"tag-fr","15":"tag-france","16":"tag-loisirs-culture","17":"tag-news","18":"tag-occitanie","19":"tag-photographie","20":"tag-republique-francaise","21":"tag-toulouse"},"share_on_mastodon":{"url":"https:\/\/pubeurope.com\/@fr\/114642286394696154","error":""},"_links":{"self":[{"href":"https:\/\/www.europesays.com\/fr\/wp-json\/wp\/v2\/posts\/158479","targetHints":{"allow":["GET"]}}],"collection":[{"href":"https:\/\/www.europesays.com\/fr\/wp-json\/wp\/v2\/posts"}],"about":[{"href":"https:\/\/www.europesays.com\/fr\/wp-json\/wp\/v2\/types\/post"}],"author":[{"embeddable":true,"href":"https:\/\/www.europesays.com\/fr\/wp-json\/wp\/v2\/users\/2"}],"replies":[{"embeddable":true,"href":"https:\/\/www.europesays.com\/fr\/wp-json\/wp\/v2\/comments?post=158479"}],"version-history":[{"count":0,"href":"https:\/\/www.europesays.com\/fr\/wp-json\/wp\/v2\/posts\/158479\/revisions"}],"wp:featuredmedia":[{"embeddable":true,"href":"https:\/\/www.europesays.com\/fr\/wp-json\/wp\/v2\/media\/158480"}],"wp:attachment":[{"href":"https:\/\/www.europesays.com\/fr\/wp-json\/wp\/v2\/media?parent=158479"}],"wp:term":[{"taxonomy":"category","embeddable":true,"href":"https:\/\/www.europesays.com\/fr\/wp-json\/wp\/v2\/categories?post=158479"},{"taxonomy":"post_tag","embeddable":true,"href":"https:\/\/www.europesays.com\/fr\/wp-json\/wp\/v2\/tags?post=158479"}],"curies":[{"name":"wp","href":"https:\/\/api.w.org\/{rel}","templated":true}]}}