{"id":158485,"date":"2025-06-07T13:22:10","date_gmt":"2025-06-07T13:22:10","guid":{"rendered":"https:\/\/www.europesays.com\/fr\/158485\/"},"modified":"2025-06-07T13:22:10","modified_gmt":"2025-06-07T13:22:10","slug":"un-dealer-marseillais-trahi-par-ses-problemes-de-couple","status":"publish","type":"post","link":"https:\/\/www.europesays.com\/fr\/158485\/","title":{"rendered":"Un dealer marseillais trahi par ses probl\u00e8mes de couple"},"content":{"rendered":"<p>Ils patrouillent plus souvent sur l&rsquo;eau, mais cet apr\u00e8s-midi du 5 juin, ces policiers municipaux de la brigade maritime arpentent le littoral en voiture, lorsqu&rsquo;un appel les envoie vers la clinique Bouchard, dans le 6e arrondissement. Une jeune fille \u00e2g\u00e9e de 17 ans, enceinte, avait rendez-vous au service de <a href=\"https:\/\/www.laprovence.com\/article\/sante\/34985869616655\/le-service-de-gynecologie-obstetrique-de-l-hopital-de-carpentras-augmente-sa-capacite-de-consultations\" target=\"_blank\" rel=\"nofollow noopener\">gyn\u00e9cologie <\/a>en d\u00e9but d&rsquo;apr\u00e8s-midi, mais elle a indiqu\u00e9 au personnel que son ex-compagnon la harcelait depuis plusieurs jours et menace maintenant de la tuer. La future m\u00e8re est dans un tel \u00e9tat de panique que la clinique pr\u00e9vient la police.<\/p>\n<p>\u00c0 l&rsquo;arriv\u00e9e des agents municipaux, la jeune femme est terroris\u00e9e. En d\u00e9pit d&rsquo;une injonction du tribunal interdisant tout contact \u00e0 la suite de pr\u00e9c\u00e9dents faits de violences, son ex, \u00e2g\u00e9 de 25 ans, qu&rsquo;elle d\u00e9crit comme \u00ab\u00a0nerveux\u00a0\u00bb et souvent <a href=\"https:\/\/www.laprovence.com\/article\/faits-divers-justice\/4328451381157114\/info-la-provence-un-homme-grievement-blesse-par-arme-blanche-dans-le-9e-arrondissement-a-marseille-le-suspect-interpelle\" target=\"_blank\" rel=\"nofollow noopener\">arm\u00e9 d&rsquo;un couteau<\/a>, veut l&rsquo;obliger \u00e0 le voir. Soudain, il l&rsquo;appelle et fixe un rendez-vous place Castellane. Les policiers s&rsquo;y rendent avec la victime, qui change plusieurs fois de lieu de rencontre. L&rsquo;homme est finalement rep\u00e9r\u00e9 pr\u00e8s de la gare de la <a href=\"https:\/\/www.laprovence.com\/article\/faits-divers-justice\/318388987049514\/marseille-leur-bebe-a-un-bras-et-un-pied-casses-en-six-mois-ils-portent-plainte-contre-une-creche-a-la-blancarde\" target=\"_blank\" rel=\"nofollow noopener\">Blancarde<\/a>, o\u00f9 deux patrouilles le contr\u00f4lent. Lors de sa palpation, les policiers municipaux retrouvent bel et bien un couteau sur lui, mais pas seulement.<\/p>\n<p>Le jeune homme, qui reconna\u00eetra dealer \u00e0 la <a href=\"https:\/\/www.laprovence.com\/article\/region\/2153847037123614\/cest-revoltant-la-maison-du-projet-dair-bel-a-marseille-part-en-fumee-avant-douvrir\" target=\"_blank\" rel=\"nofollow noopener\">cit\u00e9 Air Bel,<\/a> est aussi porteur d&rsquo;une savonnette de 300 grammes de r\u00e9sine de cannabis et m\u00eame d&rsquo;une balance de pr\u00e9cision. Interpell\u00e9, il a \u00e9t\u00e9 plac\u00e9 en garde \u00e0 vue au commissariat de la division Sud.<\/p>\n","protected":false},"excerpt":{"rendered":"Ils patrouillent plus souvent sur l&rsquo;eau, mais cet apr\u00e8s-midi du 5 juin, ces policiers municipaux de la brigade&hellip;\n","protected":false},"author":2,"featured_media":158486,"comment_status":"","ping_status":"","sticky":false,"template":"","format":"standard","meta":{"footnotes":""},"categories":[2814],"tags":[17,1111,11,17489,28944,1777,674,13566,274,1011,27,761,884,1147,18,12,882,25,3711],"class_list":{"0":"post-158485","1":"post","2":"type-post","3":"status-publish","4":"format-standard","5":"has-post-thumbnail","7":"category-marseille","8":"tag-17","9":"tag-actu","10":"tag-actualites","11":"tag-dealer","12":"tag-enceinte","13":"tag-eu","14":"tag-europe","15":"tag-ex-compagne","16":"tag-faits-divers-justice","17":"tag-fr","18":"tag-france","19":"tag-marseillais","20":"tag-marseille","21":"tag-menace","22":"tag-mort","23":"tag-news","24":"tag-provence-alpes-cote-dazur","25":"tag-republique-francaise","26":"tag-son"},"share_on_mastodon":{"url":"https:\/\/pubeurope.com\/@fr\/114642298156968550","error":""},"_links":{"self":[{"href":"https:\/\/www.europesays.com\/fr\/wp-json\/wp\/v2\/posts\/158485","targetHints":{"allow":["GET"]}}],"collection":[{"href":"https:\/\/www.europesays.com\/fr\/wp-json\/wp\/v2\/posts"}],"about":[{"href":"https:\/\/www.europesays.com\/fr\/wp-json\/wp\/v2\/types\/post"}],"author":[{"embeddable":true,"href":"https:\/\/www.europesays.com\/fr\/wp-json\/wp\/v2\/users\/2"}],"replies":[{"embeddable":true,"href":"https:\/\/www.europesays.com\/fr\/wp-json\/wp\/v2\/comments?post=158485"}],"version-history":[{"count":0,"href":"https:\/\/www.europesays.com\/fr\/wp-json\/wp\/v2\/posts\/158485\/revisions"}],"wp:featuredmedia":[{"embeddable":true,"href":"https:\/\/www.europesays.com\/fr\/wp-json\/wp\/v2\/media\/158486"}],"wp:attachment":[{"href":"https:\/\/www.europesays.com\/fr\/wp-json\/wp\/v2\/media?parent=158485"}],"wp:term":[{"taxonomy":"category","embeddable":true,"href":"https:\/\/www.europesays.com\/fr\/wp-json\/wp\/v2\/categories?post=158485"},{"taxonomy":"post_tag","embeddable":true,"href":"https:\/\/www.europesays.com\/fr\/wp-json\/wp\/v2\/tags?post=158485"}],"curies":[{"name":"wp","href":"https:\/\/api.w.org\/{rel}","templated":true}]}}