{"id":158497,"date":"2025-06-07T13:29:14","date_gmt":"2025-06-07T13:29:14","guid":{"rendered":"https:\/\/www.europesays.com\/fr\/158497\/"},"modified":"2025-06-07T13:29:14","modified_gmt":"2025-06-07T13:29:14","slug":"a-lecole-sainte-catherine-une-eleve-de-cp-accuse-un-garcon-de-ce2-de-viol","status":"publish","type":"post","link":"https:\/\/www.europesays.com\/fr\/158497\/","title":{"rendered":"\u00c0 l\u2019\u00e9cole Sainte-Catherine, une \u00e9l\u00e8ve de CP accuse un gar\u00e7on de CE2 de viol"},"content":{"rendered":"<p><strong>Violences &#8211; La direction se refuse pour l\u2019instant \u00e0 exclure l\u2019\u00e9l\u00e8ve auteur, ce qui provoque la col\u00e8re des parents sur place<\/strong><\/p>\n<p>Une enqu\u00eate de police a \u00e9t\u00e9 ouverte \u00e0 l\u2019\u00e9cole priv\u00e9e Sainte-Catherine, dans le 5e arrondissement \u00e0 Paris, suite \u00e0 des soup\u00e7ons<a href=\"https:\/\/www.20minutes.fr\/societe\/4062812-20231120-veulent-voir-probleme-violences-sexuelles-entre-enfants-angle-mort-education-nationale?at_medium=RSS%20feed&amp;at_campaign=ynews&amp;utm_source=yahoo&amp;utm_medium=rss&amp;utm_campaign=news_feed&amp;utm_content=in_article_link\" rel=\"nofollow noopener\" target=\"_blank\" data-ylk=\"slk:de viol d\u2019un enfant sur une \u00e9l\u00e8ve;elm:context_link;itc:0;sec:content-canvas\" class=\"link \"> de viol d\u2019un enfant sur une \u00e9l\u00e8ve<\/a>, selon la direction de l\u2019enseignement catholique, contact\u00e9e par 20 Minutes, confirmant une information du journal Le Parisien.<\/p>\n<p>Une \u00e9l\u00e8ve de CP a d\u00e9nonc\u00e9 des agressions sexuelles commises dans les toilettes de l\u2019\u00e9tablissement par un autre enfant en CE2 d\u00e9but mai. Un signalement a \u00e9t\u00e9 fait le 16 mai dernier par un parent d\u2019\u00e9l\u00e8ve aupr\u00e8s de l\u2019\u00e9tablissement, \u00ab indiquant que sa fille scolaris\u00e9e en CP aurait \u00e9t\u00e9 victime \u00e0 deux reprises d\u2019agressions sexuelles au sein de son \u00e9cole par un \u00e9l\u00e8ve de CE2 \u00bb, selon le rectorat, contact\u00e9 par le journal.<\/p>\n<p>Plan d\u2019action et parents m\u00e9contents<\/p>\n<p>\u00ab Il s\u2019agit de soup\u00e7ons graves. Nous travaillons en \u00e9troite relation avec la police \u00bb indique \u00e0 20 Minutes Baptiste Jacomino, adjoint au directeur de l\u2019enseignement catholique de Paris, qui pr\u00e9cise que le mot \u00ab viol \u00bb a \u00e9t\u00e9 employ\u00e9 par la famille. Le responsable explique que l\u2019\u00e9l\u00e8ve suspect\u00e9 d\u2019agression n\u2019a pas \u00e9t\u00e9 exclu. Mais il pr\u00e9cise qu&rsquo;\u00ab aucune d\u00e9cision d\u00e9finitive n\u2019a \u00e9t\u00e9 prise \u00bb et que des zones de circulation peuvent \u00eatre instaur\u00e9es pour \u00e9viter que les enfants &#8211; victime d\u00e9clar\u00e9e et agresseur pr\u00e9sum\u00e9 &#8211; ne se croisent.<\/p>\n<p>\u00ab Je vais rencontrer l\u2019ensemble des familles et nous avons mis en place un plan d\u2019action. On a fait intervenir une psychologue pour conseiller les adultes, et nous avons ouvert un point d\u2019\u00e9coute pour enfants et adultes. Notre pri(&#8230;)<\/p>\n<p><a href=\"https:\/\/www.20minutes.fr\/societe\/4157447-20250607-paris-ecole-sainte-catherine-eleve-cp-accuse-viol-garcon-ce2?at_medium=RSS%20feed&amp;at_campaign=ynews&amp;utm_source=yahoo&amp;utm_medium=rss&amp;utm_campaign=news_feed&amp;utm_content=read_more_link\" rel=\"nofollow noopener\" target=\"_blank\" data-ylk=\"slk:Lire la suite sur 20minutes;elm:context_link;itc:0;sec:content-canvas\" class=\"link \">Lire la suite sur 20minutes<\/a><\/p>\n<p>\u00c0 lire aussi :<br \/><a href=\"https:\/\/www.20minutes.fr\/societe\/4062812-20231120-veulent-voir-probleme-violences-sexuelles-entre-enfants-angle-mort-education-nationale?at_medium=RSS%20feed&amp;at_campaign=ynews&amp;utm_source=yahoo&amp;utm_medium=rss&amp;utm_campaign=news_feed&amp;utm_content=related_content_link\" rel=\"nofollow noopener\" target=\"_blank\" data-ylk=\"slk:\u00ab Ils ne veulent pas voir le probl\u00e8me \u00bb\u2026 Les violences sexuelles entre enfants, un angle mort de l\u2019Education nationale;elm:context_link;itc:0;sec:content-canvas\" class=\"link \">\u00ab Ils ne veulent pas voir le probl\u00e8me \u00bb\u2026 Les violences sexuelles entre enfants, un angle mort de l\u2019Education nationale<\/a><br \/><a href=\"https:\/\/www.20minutes.fr\/societe\/4132572-20250113-harcelement-scolaire-viols-famille-attaque-etat-defaut-surveillance-ecole?at_medium=RSS%20feed&amp;at_campaign=ynews&amp;utm_source=yahoo&amp;utm_medium=rss&amp;utm_campaign=news_feed&amp;utm_content=related_content_link\" rel=\"nofollow noopener\" target=\"_blank\" data-ylk=\"slk:Harc\u00e8lement scolaire, viols\u2026 Une famille attaque l\u2019Etat pour \u00ab d\u00e9faut de surveillance \u00bb \u00e0 l\u2019\u00e9cole;elm:context_link;itc:0;sec:content-canvas\" class=\"link \">Harc\u00e8lement scolaire, viols\u2026 Une famille attaque l\u2019Etat pour \u00ab d\u00e9faut de surveillance \u00bb \u00e0 l\u2019\u00e9cole<\/a><\/p>\n","protected":false},"excerpt":{"rendered":"Violences &#8211; La direction se refuse pour l\u2019instant \u00e0 exclure l\u2019\u00e9l\u00e8ve auteur, ce qui provoque la col\u00e8re des&hellip;\n","protected":false},"author":2,"featured_media":158498,"comment_status":"","ping_status":"","sticky":false,"template":"","format":"standard","meta":{"footnotes":""},"categories":[1888],"tags":[1111,1928,11,1927,28945,17226,28946,1777,674,1011,27,7548,12,1926,626,1925,25,28947],"class_list":{"0":"post-158497","1":"post","2":"type-post","3":"status-publish","4":"format-standard","5":"has-post-thumbnail","7":"category-paris","8":"tag-actu","9":"tag-actu-paris","10":"tag-actualites","11":"tag-actualites-paris","12":"tag-direction-de-lenseignement-catholique","13":"tag-eleve","14":"tag-enquete-de-police","15":"tag-eu","16":"tag-europe","17":"tag-fr","18":"tag-france","19":"tag-journal-le-parisien","20":"tag-news","21":"tag-news-paris","22":"tag-paris","23":"tag-paris-news","24":"tag-republique-francaise","25":"tag-sainte-catherine"},"share_on_mastodon":{"url":"https:\/\/pubeurope.com\/@fr\/114642325562626128","error":""},"_links":{"self":[{"href":"https:\/\/www.europesays.com\/fr\/wp-json\/wp\/v2\/posts\/158497","targetHints":{"allow":["GET"]}}],"collection":[{"href":"https:\/\/www.europesays.com\/fr\/wp-json\/wp\/v2\/posts"}],"about":[{"href":"https:\/\/www.europesays.com\/fr\/wp-json\/wp\/v2\/types\/post"}],"author":[{"embeddable":true,"href":"https:\/\/www.europesays.com\/fr\/wp-json\/wp\/v2\/users\/2"}],"replies":[{"embeddable":true,"href":"https:\/\/www.europesays.com\/fr\/wp-json\/wp\/v2\/comments?post=158497"}],"version-history":[{"count":0,"href":"https:\/\/www.europesays.com\/fr\/wp-json\/wp\/v2\/posts\/158497\/revisions"}],"wp:featuredmedia":[{"embeddable":true,"href":"https:\/\/www.europesays.com\/fr\/wp-json\/wp\/v2\/media\/158498"}],"wp:attachment":[{"href":"https:\/\/www.europesays.com\/fr\/wp-json\/wp\/v2\/media?parent=158497"}],"wp:term":[{"taxonomy":"category","embeddable":true,"href":"https:\/\/www.europesays.com\/fr\/wp-json\/wp\/v2\/categories?post=158497"},{"taxonomy":"post_tag","embeddable":true,"href":"https:\/\/www.europesays.com\/fr\/wp-json\/wp\/v2\/tags?post=158497"}],"curies":[{"name":"wp","href":"https:\/\/api.w.org\/{rel}","templated":true}]}}