{"id":158501,"date":"2025-06-07T13:31:10","date_gmt":"2025-06-07T13:31:10","guid":{"rendered":"https:\/\/www.europesays.com\/fr\/158501\/"},"modified":"2025-06-07T13:31:10","modified_gmt":"2025-06-07T13:31:10","slug":"kylian-mbappe-se-confie-apres-la-victoire-de-paris-en-ligue-des-champions","status":"publish","type":"post","link":"https:\/\/www.europesays.com\/fr\/158501\/","title":{"rendered":"Kylian Mbapp\u00e9 se confie apr\u00e8s la victoire de Paris en Ligue des Champions"},"content":{"rendered":"<p>            Par<br \/>\n        <strong><br \/>\n            <a href=\"https:\/\/actu.fr\/auteur\/thomas-martin\" title=\"Consulter tous les articles de Thomas Martin\" rel=\"nofollow noopener\" target=\"_blank\">Thomas Martin<\/a><br \/>\n        <\/strong><\/p>\n<p>        Publi\u00e9 le<\/p>\n<p>            7 juin 2025 \u00e0 14h24        <\/p>\n<p>On pouvait le penser amer, il n\u2019en est rien d\u2019apr\u00e8s lui. Le capitaine de l\u2019\u00e9quipe de France <a href=\"https:\/\/actu.fr\/tag\/kylian-mbappe\" rel=\"nofollow noopener\" target=\"_blank\">Kylian Mbapp\u00e9<\/a> a assur\u00e9 ce samedi 7 juin n\u2019avoir \u00ab\u00a0aucune amertume\u00a0\u00bb apr\u00e8s la <a href=\"https:\/\/actu.fr\/ile-de-france\/paris_75056\/irresistible-le-psg-remporte-la-premiere-ligue-des-champions-de-son-histoire-au-terme-d-une-finale-de-reve_62712076.html\" rel=\"nofollow noopener\" target=\"_blank\">victoire en Ligue des champions du PSG<\/a>, qu\u2019il a quitt\u00e9 \u00e0 l\u2019\u00e9t\u00e9 2024 pour rejoindre le Real Madrid. \u00a0\u00a0<\/p>\n<p>\u00ab\u00a0C\u2019est la meilleure \u00e9quipe d\u2019Europe\u00a0\u00bb<\/p>\n<p class=\" wall-content\">\u00ab\u00a0Je ne suis pas parti trop t\u00f4t, mon histoire avec le PSG \u00e9tait termin\u00e9e. Je n\u2019ai aucune amertume, j\u2019\u00e9tais arriv\u00e9 au bout du chemin. J\u2019aurai tout essay\u00e9 et c\u2019est le destin qui fait que \u00ab\u00a0, a-t-il d\u00e9clar\u00e9 en conf\u00e9rence de presse \u00e0 la veille du match pour la troisi\u00e8me place de la Ligue des nations contre l\u2019Allemagne. \u00a0<\/p>\n<p class=\" wall-content\">\u00ab\u00a0Que le PSG gagne la Ligue des champions sans moi, \u00e7a ne me touche pas\u00a0\u00bb, a-t-il ajout\u00e9.<br \/>\u00ab\u00a0J\u2019\u00e9tais content, je pense qu\u2019ils le m\u00e9ritent, ils ont connu tellement d\u2019ann\u00e9es o\u00f9 ils ont gal\u00e9r\u00e9. J\u2019ai connu \u00e7a aussi, j\u2019ai fait toutes les \u00e9tapes de Ligue des champions \u00e0 Paris sauf la victoire. Si on parle terrain, ils l\u2019ont m\u00e9rit\u00e9 \u00e0 100%, c\u2019est la meilleure \u00e9quipe d\u2019Europe. Je ne me souviens pas avoir vu une \u00e9quipe gagner 5-0 dans une grande finale\u00a0\u00bb, a \u00e9galement indiqu\u00e9 la superstar des Bleus, qui avait acc\u00e9d\u00e9 \u00e0 la finale de la C1 en 2020 sous le maillot parisien.<\/p>\n<p class=\" wall-content\">Kylian Mbapp\u00e9 et son ancien club sont toujours en conflit. Les d\u00e9m\u00eal\u00e9s juridiques entre le joueur du\u00a0Real Madrid\u00a0et le club de Paris remontent au d\u00e9but de l\u2019\u00e9t\u00e9 2024. \u00c0 peine avait-il quitt\u00e9 le\u00a0Parc des Princes\u00a0que l\u2019attaquant avait mis en demeure le PSG. La raison\u2009? Le versement d\u2019une somme de 55\u00a0millions d\u2019euros qui comprend l\u2019ultime tiers d\u2019une prime \u00e0 la signature (36\u00a0millions d\u2019euros bruts) que le joueur \u00e9tait cens\u00e9 toucher en f\u00e9vrier, les trois derniers mois de salaire pr\u00e9vus dans son contrat (avril, mai, juin), ainsi qu\u2019une prime d\u2019\u00e9thique pendant ces trois mois.<\/p>\n<p class=\" wall-content\">Le PSG assure que les deux parties avaient nou\u00e9 un accord verbal durant l\u2019\u00e9t\u00e9 2023, stipulant que le joueur, appel\u00e9 \u00e0 partir sans indemnit\u00e9 de transfert, abandonnait environ une partie des sommes dues en fin de son contrat pour pr\u00e9server la sant\u00e9 financi\u00e8re du club.\u00a0<\/p>\n<p>Vid\u00e9os : en ce moment sur Actu<\/p>\n<p class=\" wall-content\">Suivez toute l\u2019actualit\u00e9 de vos villes et m\u00e9dias favoris en vous inscrivant \u00e0 <a href=\"https:\/\/moncompte.actu.fr\" title=\"D\u00e9couvez Mon Actu\" rel=\"nofollow noopener\" data-trk=\"{&quot;cta&quot;:{&quot;action&quot;:&quot;https:\\\/\\\/moncompte.actu.fr&quot;,&quot;category&quot;:&quot;mon compte&quot;,&quot;from&quot;:&quot;article footer&quot;,&quot;name&quot;:&quot;Mon actu&quot;,&quot;type&quot;:&quot;cta&quot;}}\" target=\"_blank\">Mon Actu<\/a>.<\/p>\n","protected":false},"excerpt":{"rendered":"Par Thomas Martin Publi\u00e9 le 7 juin 2025 \u00e0 14h24 On pouvait le penser amer, il n\u2019en est&hellip;\n","protected":false},"author":2,"featured_media":158502,"comment_status":"","ping_status":"","sticky":false,"template":"","format":"standard","meta":{"footnotes":""},"categories":[1888],"tags":[11,1777,674,63,1011,27,6477,447,12,626,2332,25,60],"class_list":{"0":"post-158501","1":"post","2":"type-post","3":"status-publish","4":"format-standard","5":"has-post-thumbnail","7":"category-paris","8":"tag-actualites","9":"tag-eu","10":"tag-europe","11":"tag-football","12":"tag-fr","13":"tag-france","14":"tag-kylian-mbappe","15":"tag-ligue-des-champions","16":"tag-news","17":"tag-paris","18":"tag-paris-saint-germain-psg","19":"tag-republique-francaise","20":"tag-sports"},"share_on_mastodon":{"url":"https:\/\/pubeurope.com\/@fr\/114642333415102677","error":""},"_links":{"self":[{"href":"https:\/\/www.europesays.com\/fr\/wp-json\/wp\/v2\/posts\/158501","targetHints":{"allow":["GET"]}}],"collection":[{"href":"https:\/\/www.europesays.com\/fr\/wp-json\/wp\/v2\/posts"}],"about":[{"href":"https:\/\/www.europesays.com\/fr\/wp-json\/wp\/v2\/types\/post"}],"author":[{"embeddable":true,"href":"https:\/\/www.europesays.com\/fr\/wp-json\/wp\/v2\/users\/2"}],"replies":[{"embeddable":true,"href":"https:\/\/www.europesays.com\/fr\/wp-json\/wp\/v2\/comments?post=158501"}],"version-history":[{"count":0,"href":"https:\/\/www.europesays.com\/fr\/wp-json\/wp\/v2\/posts\/158501\/revisions"}],"wp:featuredmedia":[{"embeddable":true,"href":"https:\/\/www.europesays.com\/fr\/wp-json\/wp\/v2\/media\/158502"}],"wp:attachment":[{"href":"https:\/\/www.europesays.com\/fr\/wp-json\/wp\/v2\/media?parent=158501"}],"wp:term":[{"taxonomy":"category","embeddable":true,"href":"https:\/\/www.europesays.com\/fr\/wp-json\/wp\/v2\/categories?post=158501"},{"taxonomy":"post_tag","embeddable":true,"href":"https:\/\/www.europesays.com\/fr\/wp-json\/wp\/v2\/tags?post=158501"}],"curies":[{"name":"wp","href":"https:\/\/api.w.org\/{rel}","templated":true}]}}