{"id":158522,"date":"2025-06-07T13:42:13","date_gmt":"2025-06-07T13:42:13","guid":{"rendered":"https:\/\/www.europesays.com\/fr\/158522\/"},"modified":"2025-06-07T13:42:13","modified_gmt":"2025-06-07T13:42:13","slug":"comment-victor-perez-peut-il-encore-se-qualifier-pour-le-dernier-signature-event-de-la-saison","status":"publish","type":"post","link":"https:\/\/www.europesays.com\/fr\/158522\/","title":{"rendered":"Comment Victor Perez peut-il encore se qualifier pour le dernier Signature Event de la saison ?"},"content":{"rendered":"<p>\t\t\t\t\t\t<img width=\"770\" height=\"556\" src=\"https:\/\/www.europesays.com\/fr\/wp-content\/uploads\/2025\/06\/victor-perez-pga-tour-canadian-open-signature-event-770x556.jpg\" class=\"img-responsive wp-post-image\" alt=\"Victor Perez Photo by Jorge Lemus\/NurPhoto\" decoding=\"async\" fetchpriority=\"high\"  \/>\t\t\t\t\t<\/p>\n<p>\t\t\t\t\t\t Partager cet article <\/p>\n<p class=\"screen-reader-text juiz_sps_maybe_hidden_text\">Partager la publication \u00ab\u00a0Comment Victor Perez peut-il encore se qualifier pour le dernier Signature Event de la saison ?\u00a0\u00bb<\/p>\n<p><strong>Id\u00e9alement plac\u00e9 \u00e0 mi-tournoi \u00e0 Toronto, le Fran\u00e7ais Victor Perez entrevoit la qualification pour le dernier Signature Event de la saison qui aura lieu la semaine suivant l\u2019U.S. Open. Mais il lui faudra r\u00e9aliser un exploit ce week-end pour int\u00e9grer le top 5 du mini-classement ouvrant les portes de l\u2019ultime tr\u00e8s lucratif et d\u00e9cisif tournoi !<\/strong><\/p>\n<p>\u00a0<\/p>\n<p><a href=\"https:\/\/www.golfplanete.com\/actualites\/victor-perez-frole-la-victoire-macintyre-en-pleurs\/\" rel=\"nofollow noopener\" target=\"_blank\">Troisi\u00e8me l\u2019an pass\u00e9 de l\u2019Open du Canada<\/a> disput\u00e9 sur le parcours du <strong>Hamilton Golf &amp; Country Club<\/strong>, le Tarbais <strong>Victor Perez<\/strong> pourrait \u00e0 nouveau monter sur le podium dimanche \u00e0 Caledon, une commune du Nord-Ouest du grand Toronto.<\/p>\n<p>Avec un seul bogey en 36 trous et dix birdies sur ses cartes de score (66\/65), le num\u00e9ro 2 Fran\u00e7ais confirme sa grande forme du moment. Apr\u00e8s <a href=\"https:\/\/www.golfplanete.com\/actualites\/victor-perez-decroche-son-ticket-pour-oakmont-et-rejoint-pavon-et-lacroix\/\" rel=\"nofollow noopener\" target=\"_blank\">sa brillante qualification pour l\u2019U.S. Open<\/a>, il affiche une solidit\u00e9 qui fait esp\u00e9rer le voir signer un premier vrai r\u00e9sultat probant cette saison.<\/p>\n<p>\u00a0<\/p>\n<p>Des stats de \u201cwinner\u201d<\/p>\n<p>Pour preuve, le nombre de greens en r\u00e9gulation pris par Perez (34 sur 36) qui m\u00e8ne le champ de joueur dans cette cat\u00e9gorie ! Les deux fois o\u00f9 il a manqu\u00e9 la cible, il est parvenu \u00e0 sauver le par.<\/p>\n<p>\t\t\t\t\t<a id=\"174699\" href=\"https:\/\/www.garmin.com\/fr-FR\/c\/sports-fitness\/golf-gps-devices-smartwatches\/\" target=\"_blank\" rel=\"sponsorised nofollow noopener\"><img decoding=\"async\" src=\"data:image\/svg+xml,%3Csvg%20xmlns=\" http:=\"\" class=\"img-responsive\" alt=\"\" data-lazy-src=\"https:\/\/www.europesays.com\/fr\/wp-content\/uploads\/2025\/06\/garmin-e01-serie-approach-1170x275-1.jpeg\"\/><\/a><\/p>\n<p>Cependant, pour se pr\u00e9senter dans 15 jours \u00e0 Cromwell dans le Connecticut au d\u00e9part du 8e et dernier <strong>Signature Event<\/strong> de la saison du <strong>PGA Tour<\/strong>, le triple vainqueur sur le <strong>DP World Tour<\/strong> va devoir se surpasser !<\/p>\n<p>En effet, dans le mini-classement actualis\u00e9 en direct du <a href=\"https:\/\/www.pgatour.com\/signature-events\/qualification\" target=\"_blank\" rel=\"noopener nofollow\">AON Swing 5*<\/a> (dans lequel il faut terminer dans le top 5 dimanche), Perez ne pointe provisoirement qu\u2019au 8e rang apr\u00e8s les deux premiers tours et compte encore pr\u00e8s de 25 points de retard sur le dernier qualifi\u00e9, <strong>Bud Cauley<\/strong>.<\/p>\n<p>\u00a0<\/p>\n<p>Premier ou deuxi\u00e8me !<\/p>\n<p>Ce dernier ayant fait l\u2019impasse sur le d\u00e9placement dans l\u2019Ontario, il pourrait perdre sa 5e place, directement menac\u00e9e par un bon r\u00e9sultat de<strong> Thorbj\u00f8rn Olesen<\/strong> (6e) ou de <strong>Mackenzie Hughes<\/strong> (7e).<\/p>\n<p>Pour Perez, l\u2019\u00e9quation est simple. S\u2019il ne s\u2019impose pas, il doit encore gagner une place lors des deux prochains tours ou compter que sur un recul du Norv\u00e9gien et du Canadien mais aussi d\u2019<strong>Andrew Putnam<\/strong>, grand b\u00e9n\u00e9ficiaire de la journ\u00e9e de vendredi.<\/p>\n<p>\t\t\t\t\t<a id=\"174658\" href=\"https:\/\/www.formigolf.fr\/voyage-pays~riu-tikida-dunas-4etoiles-agadir~322~maroc\" target=\"_blank\" rel=\"sponsorised nofollow noopener\"><img decoding=\"async\" src=\"data:image\/svg+xml,%3Csvg%20xmlns=\" http:=\"\" class=\"img-responsive\" alt=\"\" data-lazy-src=\"https:\/\/www.europesays.com\/fr\/wp-content\/uploads\/2025\/06\/formigolf-e06-agadir-tikida-1170x275-1.gif\"\/><\/a><\/p>\n<p>On se souvient que <a href=\"https:\/\/www.golfplanete.com\/actualites\/victor-perez-decroche-sa-place-pour-le-7eme-et-avant-dernier-signature-event-de-la-saison-du-pga-tour\/\" rel=\"nofollow noopener\" target=\"_blank\">l\u2019an dernier, c\u2019est via ce classement que Perez avait r\u00e9ussi \u00e0 se qualifier pour l\u2019avant dernier grand rendez-vous de la saison<\/a> et qu\u2019il avait ensuite d\u00e9croch\u00e9 sa place au d\u00e9part du premier tournoi des Playoffs de la <strong>FedEx Cup<\/strong>.<\/p>\n<p>\u00a0<\/p>\n<p>*\u00a0 L\u2019AON Swing 5 r\u00e9percute les points glan\u00e9s au Myrtle Beach Classic (Perez a pris la 13e place), au Charles Schwab Challenge (cut manqu\u00e9) et dans le RBC Canadian Open de cette semaine<\/p>\n<p>\u00a0<\/p>\n<p>Photo \u00a9 Jorge Lemus\/NurPhoto<\/p>\n","protected":false},"excerpt":{"rendered":"Partager cet article Partager la publication \u00ab\u00a0Comment Victor Perez peut-il encore se qualifier pour le dernier Signature Event&hellip;\n","protected":false},"author":2,"featured_media":158523,"comment_status":"","ping_status":"","sticky":false,"template":"","format":"standard","meta":{"footnotes":""},"categories":[1418],"tags":[1011,27,1472,60],"class_list":{"0":"post-158522","1":"post","2":"type-post","3":"status-publish","4":"format-standard","5":"has-post-thumbnail","7":"category-golf","8":"tag-fr","9":"tag-france","10":"tag-golf","11":"tag-sports"},"share_on_mastodon":{"url":"https:\/\/pubeurope.com\/@fr\/114642377075786387","error":""},"_links":{"self":[{"href":"https:\/\/www.europesays.com\/fr\/wp-json\/wp\/v2\/posts\/158522","targetHints":{"allow":["GET"]}}],"collection":[{"href":"https:\/\/www.europesays.com\/fr\/wp-json\/wp\/v2\/posts"}],"about":[{"href":"https:\/\/www.europesays.com\/fr\/wp-json\/wp\/v2\/types\/post"}],"author":[{"embeddable":true,"href":"https:\/\/www.europesays.com\/fr\/wp-json\/wp\/v2\/users\/2"}],"replies":[{"embeddable":true,"href":"https:\/\/www.europesays.com\/fr\/wp-json\/wp\/v2\/comments?post=158522"}],"version-history":[{"count":0,"href":"https:\/\/www.europesays.com\/fr\/wp-json\/wp\/v2\/posts\/158522\/revisions"}],"wp:featuredmedia":[{"embeddable":true,"href":"https:\/\/www.europesays.com\/fr\/wp-json\/wp\/v2\/media\/158523"}],"wp:attachment":[{"href":"https:\/\/www.europesays.com\/fr\/wp-json\/wp\/v2\/media?parent=158522"}],"wp:term":[{"taxonomy":"category","embeddable":true,"href":"https:\/\/www.europesays.com\/fr\/wp-json\/wp\/v2\/categories?post=158522"},{"taxonomy":"post_tag","embeddable":true,"href":"https:\/\/www.europesays.com\/fr\/wp-json\/wp\/v2\/tags?post=158522"}],"curies":[{"name":"wp","href":"https:\/\/api.w.org\/{rel}","templated":true}]}}