{"id":158527,"date":"2025-06-07T13:47:08","date_gmt":"2025-06-07T13:47:08","guid":{"rendered":"https:\/\/www.europesays.com\/fr\/158527\/"},"modified":"2025-06-07T13:47:08","modified_gmt":"2025-06-07T13:47:08","slug":"q2-grande-premiere-pour-moreira","status":"publish","type":"post","link":"https:\/\/www.europesays.com\/fr\/158527\/","title":{"rendered":"Q2 \u00a0: grande premi\u00e8re pour Moreira"},"content":{"rendered":"<p>                Un nouveau vainqueur dans la cat\u00e9gorie\u00a0?<\/p>\n<p>Les pilotes Moto2\u2122 avaient rendez-vous au MotorLand ce samedi \u00e0 l&rsquo;occasion de la FP2 et des qualifications du Grand Prix GoPro d&rsquo;Aragon. R\u00e9guli\u00e8rement aux avant-postes depuis le d\u00e9but de saison, Diogo Moreira (Italtrans Racing Team) est r\u00e9compens\u00e9 aujourd&rsquo;hui de la premi\u00e8re pole position de sa carri\u00e8re dans la cat\u00e9gorie interm\u00e9diaire. Auteur d&rsquo;un tour exceptionnel en <strong>1&rsquo;49.940<\/strong>, le n\u00b010 s&rsquo;\u00e9lancera aux c\u00f4t\u00e9s de Barry Baltus (Fantic Racing LINO SONEGO), qui a des points \u00e0 rattraper apr\u00e8s son abandon \u00e0 Silverstone. Le Belge a sign\u00e9 un chrono quatre milli\u00e8mes plus rapide que Deniz \u00d6nc\u00fc (Red Bull KTM Ajo), qui compl\u00e8te la premi\u00e8re ligne apr\u00e8s avoir domin\u00e9 la FP2. \u00c0 noter qu&rsquo;aucun de ces trois hommes ne s&rsquo;est encore impos\u00e9 en Moto2\u2122.<\/p>\n<p>Gros coup \u00e0 jouer pour Canet<\/p>\n<p>En retrait hier et tout juste qualifi\u00e9 pour la Q2, Ar\u00f3n Canet (Fantic Racing LINO SONEGO) r\u00e9alise une excellente session qu&rsquo;il conclut \u00e0 la quatri\u00e8me place. Le pilote Fantic devance ses compatriotes rookies Daniel Holgado (CFMOTO Aspar Team) et David Alonso (CFMOTO Aspar Team), respectivement cr\u00e9dit\u00e9s des cinqui\u00e8me et sixi\u00e8me temps. De son c\u00f4t\u00e9, Filip Salac (ELF Marc VDS Racing Team) revient de tr\u00e8s loin. Victime d&rsquo;une chute en Q1, le Tch\u00e8que est parvenu \u00e0 se qualifier de justesse pour la Q2, lors de laquelle il est une fois encore parti \u00e0 la faute. Malgr\u00e9 tout, le pilote Marc VDS s&rsquo;en sort avec le septi\u00e8me temps.<\/p>\n<p>Gonz\u00e1lez peut s&rsquo;en vouloir<\/p>\n<p>Zonta Van den Goorbergh (RW &#8211; Idrofoglia Racing GP) prendra le d\u00e9part depuis la huiti\u00e8me position devant Joe Roberts (OnlyFans American Racing Team) ainsi qu&rsquo;Alonso L\u00f3pez (SUP Racing), pass\u00e9 lui aussi par les rep\u00eachages. Le grand absent de ce top 10 est incontestablement Manuel Gonz\u00e1lez (Liqui Moly Dynavolt Intact GP). Apr\u00e8s un excellent vendredi, le leader du Championnat \u00e9tait le favori \u00e0 la pole position mais il est parti \u00e0 la faute dans son premier tour chrono en Q2. D\u00e9j\u00e0 coupable d&rsquo;une erreur lourde de cons\u00e9quences \u00e0 Silverstone, le n\u00b018 partira 18e et voit son fauteuil de leader plus que jamais menac\u00e9 par Ar\u00f3n Canet.<\/p>\n<p>La course Moto2\u2122 du Grand Prix d&rsquo;Aragon aura lieu \u00e0 12h15 ce dimanche.<\/p>\n<p>\n                                Diogo Moreira, Italtrans Racing Team, GoPro Grand Prix of Aragon\n                        <\/p>\n<p>\n                                Deniz Oncu, Red Bull KTM Ajo, GoPro Grand Prix of Aragon\n                        <\/p>\n<p>\n                                Diogo Moreira, Italtrans Racing Team, GoPro Grand Prix of Aragon\n                        <\/p>\n<p>\n                                Diogo Moreira, Italtrans Racing Team, GoPro Grand Prix of Aragon\n                        <\/p>\n<p>\n                                Barry Baltus, Fantic Racing Lino Sonego, GoPro Grand Prix of Aragon\n                        <\/p>\n<p>\n                                Moto2\u2122, Parc Ferme, QP, GoPro Grand Prix of Aragon\n                        <\/p>\n<p>Cliquez <a href=\"https:\/\/www.motogp.com\/fr\/gp-results\/2025\/ara\/moto2\/q2\/classification\" rel=\"nofollow noopener\" target=\"_blank\">ici<\/a> pour acc\u00e9der aux r\u00e9sultats.<\/p>\n","protected":false},"excerpt":{"rendered":"Un nouveau vainqueur dans la cat\u00e9gorie\u00a0? Les pilotes Moto2\u2122 avaient rendez-vous au MotorLand ce samedi \u00e0 l&rsquo;occasion de&hellip;\n","protected":false},"author":2,"featured_media":158528,"comment_status":"","ping_status":"","sticky":false,"template":"","format":"standard","meta":{"footnotes":""},"categories":[1413],"tags":[1011,27,1457,1456,60,2032],"class_list":{"0":"post-158527","1":"post","2":"type-post","3":"status-publish","4":"format-standard","5":"has-post-thumbnail","7":"category-moto","8":"tag-fr","9":"tag-france","10":"tag-moto","11":"tag-motocycle","12":"tag-sports","13":"tag-text"},"share_on_mastodon":{"url":"https:\/\/pubeurope.com\/@fr\/114642396316515241","error":""},"_links":{"self":[{"href":"https:\/\/www.europesays.com\/fr\/wp-json\/wp\/v2\/posts\/158527","targetHints":{"allow":["GET"]}}],"collection":[{"href":"https:\/\/www.europesays.com\/fr\/wp-json\/wp\/v2\/posts"}],"about":[{"href":"https:\/\/www.europesays.com\/fr\/wp-json\/wp\/v2\/types\/post"}],"author":[{"embeddable":true,"href":"https:\/\/www.europesays.com\/fr\/wp-json\/wp\/v2\/users\/2"}],"replies":[{"embeddable":true,"href":"https:\/\/www.europesays.com\/fr\/wp-json\/wp\/v2\/comments?post=158527"}],"version-history":[{"count":0,"href":"https:\/\/www.europesays.com\/fr\/wp-json\/wp\/v2\/posts\/158527\/revisions"}],"wp:featuredmedia":[{"embeddable":true,"href":"https:\/\/www.europesays.com\/fr\/wp-json\/wp\/v2\/media\/158528"}],"wp:attachment":[{"href":"https:\/\/www.europesays.com\/fr\/wp-json\/wp\/v2\/media?parent=158527"}],"wp:term":[{"taxonomy":"category","embeddable":true,"href":"https:\/\/www.europesays.com\/fr\/wp-json\/wp\/v2\/categories?post=158527"},{"taxonomy":"post_tag","embeddable":true,"href":"https:\/\/www.europesays.com\/fr\/wp-json\/wp\/v2\/tags?post=158527"}],"curies":[{"name":"wp","href":"https:\/\/api.w.org\/{rel}","templated":true}]}}