{"id":158537,"date":"2025-06-07T13:52:08","date_gmt":"2025-06-07T13:52:08","guid":{"rendered":"https:\/\/www.europesays.com\/fr\/158537\/"},"modified":"2025-06-07T13:52:08","modified_gmt":"2025-06-07T13:52:08","slug":"une-des-meilleures-photographes-de-france-sinstalle-dans-cette-commune","status":"publish","type":"post","link":"https:\/\/www.europesays.com\/fr\/158537\/","title":{"rendered":"une des meilleures photographes de France s&rsquo;installe dans cette commune"},"content":{"rendered":"<p>            Par<br \/>\n        <strong><br \/>\n            <a href=\"https:\/\/actu.fr\/auteur\/redaction-jv\" title=\"Consulter tous les articles de R\u00e9daction Vitr\u00e9\" rel=\"nofollow noopener\" target=\"_blank\">R\u00e9daction Vitr\u00e9<\/a><br \/>\n        <\/strong><\/p>\n<p>        Publi\u00e9 le<\/p>\n<p>            7 juin 2025 \u00e0 12h08        <\/p>\n<p><b>Laurie-Anne S\u00e9razin<\/b>, 26\u00a0ans, a d\u00e9cid\u00e9 de faire de sa passion d\u2019adolescente pour la photo son activit\u00e9 professionnelle.<\/p>\n<p class=\" wall-content\">\u00ab J\u2019ai d\u00e9couvert la photo \u00e0 15 ans. L\u2019id\u00e9e d\u2019en faire mon m\u00e9tier n\u2019est pas venue imm\u00e9diatement, mais ce choix a fini par s\u2019imposer \u00e0 moi et j\u2019ai repris des \u00e9tudes en brevet technique des m\u00e9tiers en trois ans \u00e0 Ker Lann \u00bb, explique Laurie-Anne S\u00e9razin qui vient d\u2019ouvrir <b>son studio photo<\/b> \u00e0 Saint-Christophe-des-Bois (Ille-et-Vilaine), pr\u00e8s de Vitr\u00e9.\u00a0<\/p>\n<p>Portraitiste de France 2025<\/p>\n<p class=\" wall-content\">Ses sujets de pr\u00e9dilection concernent les portraits et la qualit\u00e9 de son travail a \u00e9t\u00e9 r\u00e9compens\u00e9e, en mars dernier, par l\u2019obtention du titre de <b>Portraitiste de France 2025<\/b>.<\/p>\n<p class=\" wall-content\">\u00ab C\u2019est un concours organis\u00e9 tous les deux ans par la F\u00e9d\u00e9ration de la photographie et des m\u00e9tiers de l\u2019image. Les candidats doivent constituer un dossier de 12 photos r\u00e9pondant \u00e0 des crit\u00e8res pr\u00e9cis. Le jury est constitu\u00e9 de professionnels de la photographie reconnus \u00bb, explique Laurie-Anne S\u00e9razin.<\/p>\n<p class=\" wall-content\">\u00ab Ce titre est un gage de qualit\u00e9 technique et artistique pour notre client\u00e8le \u00bb, pr\u00e9cise la jeune femme.<\/p>\n<p>Vid\u00e9os : en ce moment sur Actu<\/p>\n<p class=\" wall-content\">Elle travaille \u00e0 son domicile ou bien se d\u00e9place en fonction de la demande.<\/p>\n<p class=\" wall-content\">Dans son studio professionnel de Saint-Christophe o\u00f9 elle vit d\u00e9sormais, elle photographie des personnes qui veulent garder le souvenir d\u2019un moment important de leur vie.<\/p>\n<p class=\" wall-content\">Photos de<b> femmes enceintes, de jeunes enfants <\/b>ont sa pr\u00e9f\u00e9rence. Elle propose aussi des photos de famille \u00e0 l\u2019occasion de f\u00eates avec mise en place d\u2019un d\u00e9cor choisi par elle. Faire faire son portrait par un professionnel peut \u00eatre une envie.<\/p>\n<p class=\" wall-content\">\u00ab Il faut savoir que le portrait a ce pouvoir de cr\u00e9er une \u00e9motion positive qui permet de se montrer sous un jour flatteur et raffermir la confiance en soi. Quelle que soit la prestation demand\u00e9e, c\u2019est \u00e0 moi de savoir r\u00e9pondre \u00e0 l\u2019attente de la personne photographi\u00e9e. Je dois r\u00e9ussir \u00e0 la mettre \u00e0 l\u2019aise et rien ne me satisfait plus que d\u2019entendre la personne me dire en partant qu\u2019elle a pass\u00e9 un bon moment. \u00bb<\/p>\n<p class=\" wall-content\">La photographe se d\u00e9place aussi pour des photos de c\u00e9r\u00e9monie ou lors de regroupement familial.<\/p>\n<p>Contact : <a href=\"https:\/\/actu.fr\/cdn-cgi\/l\/email-protection\" class=\"__cf_email__\" data-cfemail=\"c5a9a4b0b7aca0eba4ababa0ebb6a0b7a4bfacab85a2a8a4aca9eba6aaa8\" rel=\"nofollow noopener\" target=\"_blank\">[email\u00a0protected]<\/a>. Pour voir son travail sur Instagram : laurieanne.ph<\/p>\n<p class=\" wall-content\">Suivez toute l\u2019actualit\u00e9 de vos villes et m\u00e9dias favoris en vous inscrivant \u00e0 <a href=\"https:\/\/moncompte.actu.fr\" title=\"D\u00e9couvez Mon Actu\" rel=\"nofollow noopener\" data-trk=\"{&quot;cta&quot;:{&quot;action&quot;:&quot;https:\\\/\\\/moncompte.actu.fr&quot;,&quot;category&quot;:&quot;mon compte&quot;,&quot;from&quot;:&quot;article footer&quot;,&quot;name&quot;:&quot;Mon actu&quot;,&quot;type&quot;:&quot;cta&quot;}}\" target=\"_blank\">Mon Actu<\/a>.<\/p>\n","protected":false},"excerpt":{"rendered":"Par R\u00e9daction Vitr\u00e9 Publi\u00e9 le 7 juin 2025 \u00e0 12h08 Laurie-Anne S\u00e9razin, 26\u00a0ans, a d\u00e9cid\u00e9 de faire de&hellip;\n","protected":false},"author":2,"featured_media":158538,"comment_status":"","ping_status":"","sticky":false,"template":"","format":"standard","meta":{"footnotes":""},"categories":[1358],"tags":[1348,1384,1385,1386,58,59,1011,27,1756,104],"class_list":{"0":"post-158537","1":"post","2":"type-post","3":"status-publish","4":"format-standard","5":"has-post-thumbnail","7":"category-arts-et-design","8":"tag-arts","9":"tag-arts-and-design","10":"tag-arts-et-design","11":"tag-design","12":"tag-divertissement","13":"tag-entertainment","14":"tag-fr","15":"tag-france","16":"tag-photographie","17":"tag-societe"},"share_on_mastodon":{"url":"https:\/\/pubeurope.com\/@fr\/114642415971413843","error":""},"_links":{"self":[{"href":"https:\/\/www.europesays.com\/fr\/wp-json\/wp\/v2\/posts\/158537","targetHints":{"allow":["GET"]}}],"collection":[{"href":"https:\/\/www.europesays.com\/fr\/wp-json\/wp\/v2\/posts"}],"about":[{"href":"https:\/\/www.europesays.com\/fr\/wp-json\/wp\/v2\/types\/post"}],"author":[{"embeddable":true,"href":"https:\/\/www.europesays.com\/fr\/wp-json\/wp\/v2\/users\/2"}],"replies":[{"embeddable":true,"href":"https:\/\/www.europesays.com\/fr\/wp-json\/wp\/v2\/comments?post=158537"}],"version-history":[{"count":0,"href":"https:\/\/www.europesays.com\/fr\/wp-json\/wp\/v2\/posts\/158537\/revisions"}],"wp:featuredmedia":[{"embeddable":true,"href":"https:\/\/www.europesays.com\/fr\/wp-json\/wp\/v2\/media\/158538"}],"wp:attachment":[{"href":"https:\/\/www.europesays.com\/fr\/wp-json\/wp\/v2\/media?parent=158537"}],"wp:term":[{"taxonomy":"category","embeddable":true,"href":"https:\/\/www.europesays.com\/fr\/wp-json\/wp\/v2\/categories?post=158537"},{"taxonomy":"post_tag","embeddable":true,"href":"https:\/\/www.europesays.com\/fr\/wp-json\/wp\/v2\/tags?post=158537"}],"curies":[{"name":"wp","href":"https:\/\/api.w.org\/{rel}","templated":true}]}}