{"id":158541,"date":"2025-06-07T13:54:17","date_gmt":"2025-06-07T13:54:17","guid":{"rendered":"https:\/\/www.europesays.com\/fr\/158541\/"},"modified":"2025-06-07T13:54:17","modified_gmt":"2025-06-07T13:54:17","slug":"un-si-grand-soleil-deprogramme-comment-voir-lepisode-qui-na-pas-ete-diffuse-ce-vendredi-6-juin","status":"publish","type":"post","link":"https:\/\/www.europesays.com\/fr\/158541\/","title":{"rendered":"Un si grand soleil d\u00e9programm\u00e9, comment voir l\u2019\u00e9pisode qui n\u2019a pas \u00e9t\u00e9 diffus\u00e9 ce vendredi 6 juin"},"content":{"rendered":"<p>Le vendredi 6 juin, la dur\u00e9e du match de Roland-Garros opposant Novak Djokovic et Jannik Sinner. a conduit France 3 \u00e0 d\u00e9programmer Un si grand soleil. Que les fans se rassurent, l&rsquo;\u00e9pisode en question sera bien diffus\u00e9 sur la cha\u00eene, on vous dit tout.<\/p>\n<p>Les feuilletons quotidiens attirent toujours autant de t\u00e9l\u00e9spectateurs. Alors que<a href=\"https:\/\/www.programme-tv.net\/news\/series-tv\/379916-tout-pour-la-lumiere-date-de-sortie-horaire-casting-intrigues-toutes-les-infos-sur-la-nouvelle-serie-de-tf1-et-netflix\/\" data-api-deeplink=\"teleloisirs:\/\/news\/379916\" target=\"_blank\" rel=\"noopener\"> Tout pour la lumi\u00e8re<\/a> et <a href=\"https:\/\/www.programme-tv.net\/news\/series-tv\/377094-la-nouvelle-serie-de-m6-avec-laetitia-milot-et-helena-noguerra-se-devoile-dans-une-premiere-bande-annonce-video\/\" data-api-deeplink=\"teleloisirs:\/\/news\/377094\" target=\"_blank\" rel=\"noopener\">Nouveau jour<\/a> s&rsquo;appr\u00eatent \u00e0 \u00eatre lanc\u00e9s sur TF1 et M6, d&rsquo;autres s\u00e9ries dans le m\u00eame genre continuent de rencontrer le succ\u00e8s sur le petit \u00e9cran. On pense notamment \u00e0 Demain nous appartient et Ici tout commence sur TF1, mais aussi \u00e0 Un si grand soleil sur le service public. Lanc\u00e9e en ao\u00fbt 2018 sur France 2, la s\u00e9rie port\u00e9e par <a href=\"https:\/\/www.programme-tv.net\/biographie\/5718-maudran-melanie\/\" data-link-people=\"02cedb67-cdf7-42d7-93fa-8e9e246ba74a\" target=\"_blank\" rel=\"noopener\">M\u00e9lanie Maudran<\/a> et <a href=\"https:\/\/www.programme-tv.net\/biographie\/1193-colberti-emma\/\" data-link-people=\"962dbc1a-9d51-4062-967e-266280a2f76c\" target=\"_blank\" rel=\"noopener\">Emma Colberti<\/a> raconte le quotidien de Claire Estrela qui, apr\u00e8s seize ans pass\u00e9s en Afrique, est retourn\u00e9e dans sa ville natale de Montpellier afin d&rsquo;y reconstruire sa vie avec son fils Th\u00e9o. Si le soap opera est d&rsquo;ordinaire <a href=\"https:\/\/www.programme-tv.net\/news\/series-tv\/360126-attention-un-si-grand-soleil-ne-sera-pas-diffuse-ce-lundi-9-septembre-sur-france-2-on-vous-explique-pourquoi-le-feuilleton-change-de-chaine\/\" data-api-deeplink=\"teleloisirs:\/\/news\/360126\" target=\"_blank\" rel=\"noopener\">diffus\u00e9 chaque jour \u00e0 20h40 sur France 3<\/a>, aucun \u00e9pisode n&rsquo;a pourtant \u00e9t\u00e9 diffus\u00e9 comme pr\u00e9vu le vendredi 6 juin.<\/p>\n<p><b>Un si grand soleil <\/b><b>: voici pourquoi la s\u00e9rie a \u00e9t\u00e9 d\u00e9programm\u00e9e le 6 juin <\/b><\/p>\n<p>Les t\u00e9l\u00e9spectateurs de France 3 ont eu la grande surprise de ne pas retrouver l&rsquo;\u00e9pisode in\u00e9dit d&rsquo;Un si grand soleil le vendredi 6 juin. <b>Le feuilleton a \u00e9t\u00e9 d\u00e9programm\u00e9 en raison de la retransmission de la demi-finale messieurs de Roland-Garros qui opposait <\/b><a href=\"https:\/\/www.programme-tv.net\/biographie\/199973-djokovic-novak\/\" data-link-people=\"25caf3de-95ee-4cfd-885e-2dbd02d903d4\" target=\"_blank\" rel=\"noopener\"><b>Novak Djokovic<\/b><\/a><b> et Jannik Sinner<\/b>. Malgr\u00e9 son impressionnante r\u00e9sistance face au num\u00e9ro 1 mondial, le tennisman serbe a \u00e9t\u00e9 \u00e9cart\u00e9 du tournoi apr\u00e8s sa d\u00e9faite en trois sets (6-4, 7-5, 7-6). Le match ayant dur\u00e9 plus de trois heures, <b>la cha\u00eene n&rsquo;a pas eu d&rsquo;autre choix que de d\u00e9programmer l&rsquo;\u00e9mission <\/b><b>La carte aux tr\u00e9sors &#8211; Bourgogne du Sud, Sa\u00f4ne et Loire<\/b><b> et la s\u00e9rie <\/b><b>Un si grand soleil<\/b>.<\/p>\n<p>                        <b>Un si grand soleil<\/b><b> : o\u00f9 voir l&rsquo;\u00e9pisode in\u00e9dit du vendredi 6 juin ?<\/b><\/p>\n<p>Pour celles et ceux qui attendaient avec impatience l&rsquo;\u00e9pisode in\u00e9dit du vendredi 6 juin, pas de panique, <b>France 3 a annonc\u00e9 qu&rsquo;elle le diffusera ce samedi 7 juin \u00e0 20h40, en lieu et place du magazine<\/b><b> Cuisine ouverte <\/b><a href=\"https:\/\/www.programme-tv.net\/news\/tv\/267889-mory-sacko-de-top-chef-a-la-tete-de-sa-propre-emission-de-cuisine-sur-france-3\/\" data-api-deeplink=\"teleloisirs:\/\/news\/267889\" target=\"_blank\" rel=\"noopener\">anim\u00e9 par le chef \u00e9toil\u00e9 Mory Sacko<\/a>. L&rsquo;\u00e9pisode d&rsquo;Un si grand soleil sera ensuite mis en ligne sur la plateforme France.tv, comme ce fut le cas pour les \u00e9pisodes pr\u00e9c\u00e9demment diffus\u00e9s sur la cha\u00eene.<\/p>\n<p>Article \u00e9crit en collaboration avec 6M\u00e9dias<\/p>\n","protected":false},"excerpt":{"rendered":"Le vendredi 6 juin, la dur\u00e9e du match de Roland-Garros opposant Novak Djokovic et Jannik Sinner. a conduit&hellip;\n","protected":false},"author":2,"featured_media":158542,"comment_status":"","ping_status":"","sticky":false,"template":"","format":"standard","meta":{"footnotes":""},"categories":[1356],"tags":[244,3934,28952,5933,58,12118,59,1011,27,876,252,1364,9766],"class_list":{"0":"post-158541","1":"post","2":"type-post","3":"status-publish","4":"format-standard","5":"has-post-thumbnail","7":"category-television","8":"tag-commentaire","9":"tag-coulisses","10":"tag-cuisine-ouverte","11":"tag-dans-les-coulisses-deu2026","12":"tag-divertissement","13":"tag-du00e9programmation","14":"tag-entertainment","15":"tag-fr","16":"tag-france","17":"tag-france-3","18":"tag-television","19":"tag-tv","20":"tag-un-si-grand-soleil"},"share_on_mastodon":{"url":"https:\/\/pubeurope.com\/@fr\/114642424017848847","error":""},"_links":{"self":[{"href":"https:\/\/www.europesays.com\/fr\/wp-json\/wp\/v2\/posts\/158541","targetHints":{"allow":["GET"]}}],"collection":[{"href":"https:\/\/www.europesays.com\/fr\/wp-json\/wp\/v2\/posts"}],"about":[{"href":"https:\/\/www.europesays.com\/fr\/wp-json\/wp\/v2\/types\/post"}],"author":[{"embeddable":true,"href":"https:\/\/www.europesays.com\/fr\/wp-json\/wp\/v2\/users\/2"}],"replies":[{"embeddable":true,"href":"https:\/\/www.europesays.com\/fr\/wp-json\/wp\/v2\/comments?post=158541"}],"version-history":[{"count":0,"href":"https:\/\/www.europesays.com\/fr\/wp-json\/wp\/v2\/posts\/158541\/revisions"}],"wp:featuredmedia":[{"embeddable":true,"href":"https:\/\/www.europesays.com\/fr\/wp-json\/wp\/v2\/media\/158542"}],"wp:attachment":[{"href":"https:\/\/www.europesays.com\/fr\/wp-json\/wp\/v2\/media?parent=158541"}],"wp:term":[{"taxonomy":"category","embeddable":true,"href":"https:\/\/www.europesays.com\/fr\/wp-json\/wp\/v2\/categories?post=158541"},{"taxonomy":"post_tag","embeddable":true,"href":"https:\/\/www.europesays.com\/fr\/wp-json\/wp\/v2\/tags?post=158541"}],"curies":[{"name":"wp","href":"https:\/\/api.w.org\/{rel}","templated":true}]}}