{"id":158551,"date":"2025-06-07T13:59:09","date_gmt":"2025-06-07T13:59:09","guid":{"rendered":"https:\/\/www.europesays.com\/fr\/158551\/"},"modified":"2025-06-07T13:59:09","modified_gmt":"2025-06-07T13:59:09","slug":"mes-bouteilles-de-rose-alcoolique-noemie-lenoir-raconte-sa-descente-aux-enfers","status":"publish","type":"post","link":"https:\/\/www.europesays.com\/fr\/158551\/","title":{"rendered":"\u00ab\u00a0Mes bouteilles de ros\u00e9\u00a0\u00bb : alcoolique, No\u00e9mie Lenoir raconte sa descente aux enfers"},"content":{"rendered":"<p class=\"p1\">En 2010, <a href=\"https:\/\/www.closermag.fr\/people\/noemie-lenoir-rayonne-au-cote-de-son-cheri-55733\" rel=\"nofollow noopener\" target=\"_blank\"><br \/>\nNo\u00e9mie Lenoir<\/a> avait \u00e9t\u00e9 <strong>retrouv\u00e9e inconsciente<\/strong><br \/>\n\u00e0 La Celle-Saint-Cloud, dans le d\u00e9partement des Yvelines, apr\u00e8s<br \/>\navoir <strong>ing\u00e9r\u00e9 alcool et m\u00e9dicaments<\/strong>.\u00a0\u00ab\u00a0Je<br \/>\nm&rsquo;\u00e9tais engueul\u00e9e avec le p\u00e8re de mon fils ce jour-l\u00e0. Je l&rsquo;ai<br \/>\nregard\u00e9 et je lui ai dit : &lsquo;Je vais aller me tuer&rsquo;. Je me suis<br \/>\nmont\u00e9e dans ma chambre,\u00a0je me suis habill\u00e9e en blanc, un truc<br \/>\npath\u00e9tique\u2026\u00a0\u00bb, avait-elle expliqu\u00e9 lors d&rsquo;un passage \u00e0 la<br \/>\nt\u00e9l\u00e9vision en 2014.<\/p>\n<p class=\"p1\">Apr\u00e8s avoir \u00ab\u00a0pris une bouteille de vodka\u00a0\u00bb et<br \/>\n\u00ab\u00a0aval\u00e9 tous les cachets\u00a0\u00bb, <strong>la mannequin avait pens\u00e9<br \/>\n\u00e0 ses enfants<\/strong>. \u00ab\u00a0J&rsquo;ai appel\u00e9 un ami \u00e0 moi et je lui ait<br \/>\ndit : &lsquo;Tu diras \u00e0 mon fils que sa maman l&rsquo;aime et qu&rsquo;elle est<br \/>\nd\u00e9sol\u00e9e du geste qu&rsquo;elle va faire, mais je ne suis pas assez bien<br \/>\npour vous donc je m&rsquo;en vais'\u00a0\u00bb, se rem\u00e9more la m\u00e8re de famille dans<br \/>\ncette m\u00eame interview. Si elle s&rsquo;en est sortie, No\u00e9mie Lenoir garde<br \/>\nencore un souvenir vif de sa tentative de suicide.<\/p>\n<p>No\u00e9mie Lenoir : son combat contre l&rsquo;alcoolisme<\/p>\n<p class=\"p1\">Ce samedi 7 juin 2025, nos confr\u00e8res du m\u00e9dia Konbini<br \/>\nont mis en ligne une vid\u00e9o dans laquelle No\u00e9mie Lenoir \u00e9voque sans<br \/>\nd\u00e9tour <strong>sa descente aux enfers<\/strong> sous <a href=\"https:\/\/www.science-et-vie.com\/corps-et-sante\/sante\/une-personne-ivre-est-elle-veritablement-plus-honnete-la-reponse-des-scientifiques-a-de-quoi-degriser-177145.html\" rel=\"nofollow noopener\" target=\"_blank\"><br \/>\nl&#8217;emprise de l&rsquo;alcool<\/a>. \u00ab\u00a0Le jour o\u00f9 je me suis rendu compte<br \/>\nque ce n&rsquo;\u00e9tait plus normal, c&rsquo;est quand j&rsquo;\u00e9tais seule \u00e0 la maison<br \/>\net que <strong>j&rsquo;ouvrais mes bouteilles de ros\u00e9<\/strong>\u00ab\u00a0,<br \/>\nraconte l&rsquo;actrice, pr\u00e9cisant avoir commenc\u00e9 \u00e0 boire \u00e0 l&rsquo;\u00e2ge de 17<br \/>\nans.<\/p>\n<p class=\"p1\">No\u00e9mie Lenoir <strong>compare ensuite l&rsquo;addiction \u00e0<br \/>\n\u00ab\u00a0un cri\u00a0\u00bb<\/strong>. \u00ab\u00a0Cette col\u00e8re, je l&rsquo;avais depuis<br \/>\ntr\u00e8s longtemps d\u00e9j\u00e0, puisque chez moi \u00e7a n&rsquo;allait<br \/>\npas.\u00a0<strong>J&rsquo;avais un papa alcooliqu<\/strong>e, une maman<br \/>\nqui \u00e9tait en d\u00e9pression. Je me suis battue contre \u00e7a et pour<br \/>\nanesth\u00e9sier tout \u00e7a, <strong>je consommais de<br \/>\nl&rsquo;alcool<\/strong>\u00ab\u00a0, poursuit-elle.<\/p>\n<p>No\u00e9mie Lenoir : \u00ab\u00a0Je me sentais<br \/>\nnulle\u00a0\u00bb<\/p>\n<p class=\"p1\"><strong>Des pens\u00e9es parasites<\/strong> ont tourment\u00e9<br \/>\nNo\u00e9mie Lenoir apr\u00e8s sa tentative de suicide. \u00ab\u00a0Je suis sortie de<br \/>\nl\u00e0, c&rsquo;\u00e9tait en 2010 et je me suis dit : &lsquo;je suis<br \/>\nalcoolique&rsquo;. <strong>Je me d\u00e9testais<\/strong>.\u00a0Vous pouvez<br \/>\n\u00eatre vot\u00e9e la plus belle femme du monde. A l&rsquo;int\u00e9rieur, j&rsquo;\u00e9tais<br \/>\npour moi la plus horrible femme du monde. <strong>Je me sentais<br \/>\ninutile<\/strong>. L&rsquo;alcool a vraiment appuy\u00e9 cette sensation. Je me<br \/>\nsentais nulle\u00a0\u00bb, confie la quadrag\u00e9naire, ajoutant s&rsquo;\u00eatre alors<br \/>\ntourn\u00e9e vers \u00ab\u00a0des gens qui buvaient, comme\u00a0<br \/>\n[elle]\u00a0\u00bb.<\/p>\n<p class=\"p1\">La lumi\u00e8re a commenc\u00e9 \u00e0 poindre au bout du tunnel<br \/>\nlorsque <a href=\"https:\/\/www.closermag.fr\/people\/noemie-lenoir-ses-confidences-poignantes-sur-sa-tentative-de-suicide-1449599\" rel=\"nofollow noopener\" target=\"_blank\"><br \/>\nl&rsquo;ex-compagne de Claude Mak\u00e9l\u00e9l\u00e9<\/a> a <strong>consult\u00e9 un<br \/>\npsychologue<\/strong>. \u00ab\u00a0Il m&rsquo;a fait comprendre qu&rsquo;il fallait que<br \/>\nje cherche en moi cette force pour m&rsquo;en sortir.\u00a0Quand j&rsquo;ai<br \/>\ncompris que <strong>moi seule pouvait faire cette<br \/>\nreconstruction<\/strong>, \u00e7a allait mieux, r\u00e9sume-t-elle.<br \/>\nAujourd&rsquo;hui, en tant qu&rsquo;alcoolique, j&rsquo;ai envie de dire aux gens<br \/>\nqui sont alcooliques qu&rsquo;ils ne sont pas seuls.\u00a0On me dit<br \/>\n&lsquo;oui mais \u00e7a va, \u00e7a fait longtemps que tu n&rsquo;as pas bu, tu n&rsquo;es<br \/>\nplus alcoolique !&rsquo;. Si, <strong>je suis alcoolique et je le<br \/>\nserai toute ma vie<\/strong>. Et ce n&rsquo;est pas une honte\u00a0\u00bb. Mais<br \/>\nune maladie.<\/p>\n","protected":false},"excerpt":{"rendered":"En 2010, No\u00e9mie Lenoir avait \u00e9t\u00e9 retrouv\u00e9e inconsciente \u00e0 La Celle-Saint-Cloud, dans le d\u00e9partement des Yvelines, apr\u00e8s avoir&hellip;\n","protected":false},"author":2,"featured_media":158552,"comment_status":"","ping_status":"","sticky":false,"template":"","format":"standard","meta":{"footnotes":""},"categories":[8],"tags":[548,58,59,1011,27,28953],"class_list":{"0":"post-158551","1":"post","2":"type-post","3":"status-publish","4":"format-standard","5":"has-post-thumbnail","7":"category-divertissement","8":"tag-article-simple","9":"tag-divertissement","10":"tag-entertainment","11":"tag-fr","12":"tag-france","13":"tag-noemie-lenoir"},"share_on_mastodon":{"url":"https:\/\/pubeurope.com\/@fr\/114642443685573777","error":""},"_links":{"self":[{"href":"https:\/\/www.europesays.com\/fr\/wp-json\/wp\/v2\/posts\/158551","targetHints":{"allow":["GET"]}}],"collection":[{"href":"https:\/\/www.europesays.com\/fr\/wp-json\/wp\/v2\/posts"}],"about":[{"href":"https:\/\/www.europesays.com\/fr\/wp-json\/wp\/v2\/types\/post"}],"author":[{"embeddable":true,"href":"https:\/\/www.europesays.com\/fr\/wp-json\/wp\/v2\/users\/2"}],"replies":[{"embeddable":true,"href":"https:\/\/www.europesays.com\/fr\/wp-json\/wp\/v2\/comments?post=158551"}],"version-history":[{"count":0,"href":"https:\/\/www.europesays.com\/fr\/wp-json\/wp\/v2\/posts\/158551\/revisions"}],"wp:featuredmedia":[{"embeddable":true,"href":"https:\/\/www.europesays.com\/fr\/wp-json\/wp\/v2\/media\/158552"}],"wp:attachment":[{"href":"https:\/\/www.europesays.com\/fr\/wp-json\/wp\/v2\/media?parent=158551"}],"wp:term":[{"taxonomy":"category","embeddable":true,"href":"https:\/\/www.europesays.com\/fr\/wp-json\/wp\/v2\/categories?post=158551"},{"taxonomy":"post_tag","embeddable":true,"href":"https:\/\/www.europesays.com\/fr\/wp-json\/wp\/v2\/tags?post=158551"}],"curies":[{"name":"wp","href":"https:\/\/api.w.org\/{rel}","templated":true}]}}