{"id":158555,"date":"2025-06-07T14:01:15","date_gmt":"2025-06-07T14:01:15","guid":{"rendered":"https:\/\/www.europesays.com\/fr\/158555\/"},"modified":"2025-06-07T14:01:15","modified_gmt":"2025-06-07T14:01:15","slug":"pourquoi-les-passoires-thermiques-redorent-leur-blason","status":"publish","type":"post","link":"https:\/\/www.europesays.com\/fr\/158555\/","title":{"rendered":"pourquoi les passoires thermiques redorent leur blason"},"content":{"rendered":"<p><strong>D\u00c9CRYPTAGE<\/strong> &#8211; Longtemps boud\u00e9s, ces logements mal class\u00e9s sur l\u2019\u00e9tiquette \u00e9nergie attirent de nouveau les acheteurs.<\/p>\n<p class=\"fig-paragraph\">Le retour \u00e0 meilleure fortune du march\u00e9 immobilier, li\u00e9 \u00e0 un cr\u00e9dit moins cher, redore aussi le blason des\u00a0<a href=\"http:\/\/www.lefigaro.fr\/argent\/passoires-thermiques-faut-il-se-laisser-seduire-par-la-baisse-des-prix-20250514\" target=\"_blank\" data-fig-type=\"Article\" rel=\"noopener\" data-gtm-custom-categorie=\"navigation\" data-gtm-custom-action=\"crossclick\" data-gtm-custom-label=\"Contextuel\" data-gtm-event=\"customEventSPE\" data-fig-domain=\"LEFIGARO\">passoires thermiques<\/a>. Ces logements mal chauff\u00e9s et mal isol\u00e9s ont longtemps \u00e9t\u00e9 boud\u00e9s du fait des contraintes qui les frappent. En effet, les\u00a0<a href=\"http:\/\/leparticulier.lefigaro.fr\/jcms\/c_119133\/impot-sur-la-fortune\/impot-sur-la-fortune-immobiliere-est-il-possible-de-minorer-la-valeur-de-mon-bien-classe-g-20250305\" target=\"_blank\" data-fig-type=\"Article\" rel=\"noopener\" data-gtm-custom-categorie=\"navigation\" data-gtm-custom-action=\"crossclick\" data-gtm-custom-label=\"Contextuel\" data-gtm-event=\"customEventSPE\" data-fig-domain=\"LEPARTICULIER\">biens class\u00e9s G<\/a>\u00a0sur l\u2019\u00e9tiquette \u00e9nergie ne peuvent plus \u00eatre mis en location depuis le 1er\u00a0janvier 2025, et ceux not\u00e9s F \u00e0 compter de 2028. De quoi faire r\u00e9fl\u00e9chir plus d\u2019un acheteur.<\/p>\n<p class=\"fig-paragraph\">Las, ces d\u00e9fauts ne paraissent plus effrayer les acqu\u00e9reurs qui moyennant quelques travaux, s\u2019imaginent m\u00eame r\u00e9aliser une bonne affaire. Il faut dire que les plan\u00e8tes semblent s\u2019\u00eatre align\u00e9es ces derniers mois. Du c\u00f4t\u00e9 des prix tout d\u2019abord. Les vendeurs, qui ont longtemps fait l\u2019autruche minimisant l\u2019impact de ces notes sont aujourd\u2019hui moins gourmands. Il en r\u00e9sulte des baisses de prix, qui peuvent \u00eatre l\u00e9g\u00e8res ou fortes selon les villes.<\/p>\n<p class=\"fig-paragraph\">\u00ab\u00a0Auparavant, quand la note \u00e9tait mauvaise, les vendeurs ne voulaient pas en tenir compte, indique S\u00e9bastien Thomas, directeur\u2026<\/p>\n<p class=\"fig-premium-paywall__infos\">\n        Cet article est r\u00e9serv\u00e9 aux abonn\u00e9s.        Il vous reste 77% \u00e0 d\u00e9couvrir.\n    <\/p>\n<p>                <img  data- alt=\"Le Figaro\" class=\"fig-img--complete fig-img\"\/><\/p>\n<p class=\"fig-premium-paywall__title\">Vente Flash<\/p>\n<p class=\"fig-premium-paywall__subtitle\">3,99\u20ac par mois pendant 12 mois. Sans engagement.<\/p>\n<p class=\"fig-premium-paywall__connect\">\n                D\u00e9j\u00e0 abonn\u00e9\u00a0?                <a class=\"fig-premium-paywall__connect-link\" href=\"https:\/\/connect.lefigaro.fr\/login?client=horizon_web&amp;type=main&amp;redirect_uri=https%3A%2F%2Fwww.lefigaro.fr%2Ffinances-perso%2Fpourquoi-les-passoires-thermiques-redorent-leur-blason-20250607\" data-js-gtm=\"{&quot;customCategorie&quot;: &quot;conversion&quot;, &quot;customAction&quot;: &quot;before_Landing_Connexion_paywall_auto&quot;, &quot;customLabel&quot;: &quot;bGVmaWdhcm8uZnJfXzFmMDQxZWUzLWZhYTYtNjhjYy1iOTE3LTkzNTRjYzlkNTMyOV9fQXJ0aWNsZQ==_Immobilier\u00a0: pourquoi les passoires thermiques redorent leur blason_122&quot;, &quot;customIDSPE&quot;: &quot;bGVmaWdhcm8uZnJfXzFmMDQxZWUzLWZhYTYtNjhjYy1iOTE3LTkzNTRjYzlkNTMyOV9fQXJ0aWNsZQ==&quot;, &quot;event&quot;: &quot;customEventSPE&quot;}\" target=\"_blank\" rel=\"noopener\"><br \/>\n                    Connectez-vous<br \/>\n                <\/a>\n            <\/p>\n","protected":false},"excerpt":{"rendered":"D\u00c9CRYPTAGE &#8211; Longtemps boud\u00e9s, ces logements mal class\u00e9s sur l\u2019\u00e9tiquette \u00e9nergie attirent de nouveau les acheteurs. Le retour&hellip;\n","protected":false},"author":2,"featured_media":158556,"comment_status":"","ping_status":"","sticky":false,"template":"","format":"standard","meta":{"footnotes":""},"categories":[6],"tags":[1117,28956,35,130,28954,33,34,638,526,1011,27,2552,1116,342,639,1908,2551,1118,2553,28955,137],"class_list":{"0":"post-158555","1":"post","2":"type-post","3":"status-publish","4":"format-standard","5":"has-post-thumbnail","7":"category-economie","8":"tag-assurance","9":"tag-assurances-vie","10":"tag-business","11":"tag-consommation","12":"tag-dpe","13":"tag-economie","14":"tag-economy","15":"tag-figaro","16":"tag-fiscalite","17":"tag-fr","18":"tag-france","19":"tag-gestion-de-patrimoine","20":"tag-immobilier","21":"tag-impots","22":"tag-le-figaro","23":"tag-logement","24":"tag-patrimoine","25":"tag-placement","26":"tag-placements","27":"tag-rentes","28":"tag-retraite"},"share_on_mastodon":{"url":"https:\/\/pubeurope.com\/@fr\/114642451419166992","error":""},"_links":{"self":[{"href":"https:\/\/www.europesays.com\/fr\/wp-json\/wp\/v2\/posts\/158555","targetHints":{"allow":["GET"]}}],"collection":[{"href":"https:\/\/www.europesays.com\/fr\/wp-json\/wp\/v2\/posts"}],"about":[{"href":"https:\/\/www.europesays.com\/fr\/wp-json\/wp\/v2\/types\/post"}],"author":[{"embeddable":true,"href":"https:\/\/www.europesays.com\/fr\/wp-json\/wp\/v2\/users\/2"}],"replies":[{"embeddable":true,"href":"https:\/\/www.europesays.com\/fr\/wp-json\/wp\/v2\/comments?post=158555"}],"version-history":[{"count":0,"href":"https:\/\/www.europesays.com\/fr\/wp-json\/wp\/v2\/posts\/158555\/revisions"}],"wp:featuredmedia":[{"embeddable":true,"href":"https:\/\/www.europesays.com\/fr\/wp-json\/wp\/v2\/media\/158556"}],"wp:attachment":[{"href":"https:\/\/www.europesays.com\/fr\/wp-json\/wp\/v2\/media?parent=158555"}],"wp:term":[{"taxonomy":"category","embeddable":true,"href":"https:\/\/www.europesays.com\/fr\/wp-json\/wp\/v2\/categories?post=158555"},{"taxonomy":"post_tag","embeddable":true,"href":"https:\/\/www.europesays.com\/fr\/wp-json\/wp\/v2\/tags?post=158555"}],"curies":[{"name":"wp","href":"https:\/\/api.w.org\/{rel}","templated":true}]}}