{"id":158561,"date":"2025-06-07T14:05:12","date_gmt":"2025-06-07T14:05:12","guid":{"rendered":"https:\/\/www.europesays.com\/fr\/158561\/"},"modified":"2025-06-07T14:05:12","modified_gmt":"2025-06-07T14:05:12","slug":"ils-ont-rencontre-un-des-acteurs-des-films","status":"publish","type":"post","link":"https:\/\/www.europesays.com\/fr\/158561\/","title":{"rendered":"ils ont rencontr\u00e9 un des acteurs des films"},"content":{"rendered":"<p>Rue Georges-Teissier, samedi, un \u00e9trange ph\u00e9nom\u00e8ne attire l\u2019\u0153il des Moldus\u00a0: une file d\u2019attente s\u2019\u00e9tire devant la boutique D\u00e9lices et Sortil\u00e8ges.<\/p>\n<p>Les Potterheads sont venus c\u00e9l\u00e9brer le premier anniversaire de la boutique et salon de th\u00e9, d\u00e9di\u00e9e \u00e0 l\u2019univers d\u2019Harry Potter. Ils sont \u00e9galement et surtout venus rencontrer <a href=\"https:\/\/www.leprogres.fr\/culture-loisirs\/2025\/04\/25\/harry-potter-un-acteur-de-la-saga-en-dedicaces-a-delices-et-sortileges-le-7-juin\" target=\"_blank\" rel=\"noopener\">Devon Murray, qui incarne Seamus Finnigan dans les films de la saga<\/a>.<\/p>\n<p>  Rencontre magique<\/p>\n<p>D\u00e8s 10\u00a0heures, les fans, habill\u00e9s pour certains de robes de sorciers et d\u2019\u00e9charpes aux couleurs de leur maison, se pressent devant la vitrine. \u00c0 l\u2019int\u00e9rieur, l\u2019ambiance est digne d\u2019une salle commune de Poudlard\u00a0: rires et discussions sur les livres pr\u00e9f\u00e9r\u00e9s des visiteurs animent la longue file d\u2019attente jusqu\u2019\u00e0 l\u2019acteur.<\/p>\n<p>Devon Murray, chaleureux, accueille chacun avec un mot gentil avant de prendre une photo et d\u2019offrir une d\u00e9dicace personnalis\u00e9e. \u00ab J\u2019aime beaucoup ton haut\u00a0\u00bb, lance-t-il \u00e0 une jeune fan, avant de signer un exemplaire de La Chambre des secrets.<\/p>\n<p>La magie ne s\u2019arr\u00eate pas l\u00e0. Dans la cour, la r\u00e9plique de la Ford Anglia bleue attend les apprentis sorciers pour une photo souvenir, un Cro\u00fbtard sur la banquette arri\u00e8re, une Edwige en peluche dans sa cage, les bagages d\u2019Harry et Ron\u2026 Tout le monde se pr\u00eate au jeu, le sourire aux l\u00e8vres.<\/p>\n<p>  \u00ab\u00a0J\u2019ai tout lu et transmis avec beaucoup de plaisir \u00e0 mes enfants\u00a0\u00bb<\/p>\n<p>Beaucoup sont venus en famille, comme Ana\u00efs, une jeune maman de deux enfants qui profite de l\u2019occasion, pour transmettre sa passion\u00a0: \u00ab J\u2019ai tout lu et transmis avec beaucoup de plaisir \u00e0 mes enfants. J\u2019ai notamment nomm\u00e9 ma fille avec deux pr\u00e9noms\u00a0: Louna et Lilly, tir\u00e9s de Luna Lovegood et de Lilly Potter. Ce sont mes personnages pr\u00e9f\u00e9r\u00e9s.\u00a0\u00bb<\/p>\n<p>\u00ab C\u2019est une des sorci\u00e8res les plus puissantes\u00a0!\u00a0\u00bb, intervient Luna.<\/p>\n<p>D\u2019autres, comme Christophe Michalowski, photographe et cr\u00e9ateur de produits d\u00e9riv\u00e9s de la s\u00e9rie, fait d\u00e9dicacer un livre transform\u00e9 en \u0153uvres d\u2019art\u00a0: \u00ab Je prends des livres de la s\u00e9rie, jet\u00e9s ou destin\u00e9s \u00e0 l\u2019\u00eatre, et je leur donne une seconde vie. L\u00e0, j\u2019ai int\u00e9gr\u00e9 le personnage de Dobby dans la tranche du livre. J\u2019ai beaucoup appr\u00e9ci\u00e9 que l\u2019acteur personnalise la d\u00e9dicace pour chacun d\u2019entre nous.\u00a0\u00bb<\/p>\n<p>Le temps d\u2019une journ\u00e9e, la fronti\u00e8re entre le monde magique et le monde moldu s\u2019est estomp\u00e9e. Les fans, unis par l\u2019amour de la saga, ont prouv\u00e9 qu\u2019il suffit parfois de quelques baguettes et d\u2019un acteur souriant pour faire rena\u00eetre la magie, m\u00eame loin de Poudlard.<\/p>\n","protected":false},"excerpt":{"rendered":"Rue Georges-Teissier, samedi, un \u00e9trange ph\u00e9nom\u00e8ne attire l\u2019\u0153il des Moldus\u00a0: une file d\u2019attente s\u2019\u00e9tire devant la boutique D\u00e9lices&hellip;\n","protected":false},"author":2,"featured_media":158562,"comment_status":"","ping_status":"","sticky":false,"template":"","format":"standard","meta":{"footnotes":""},"categories":[9653],"tags":[1111,11,2430,6211,1687,7539,1777,674,1011,27,3367,12,5486,25,4001,7538],"class_list":{"0":"post-158561","1":"post","2":"type-post","3":"status-publish","4":"format-standard","5":"has-post-thumbnail","7":"category-saint-etienne","8":"tag-actu","9":"tag-actualites","10":"tag-auvergne-rhone-alpes","11":"tag-conference","12":"tag-culture-loisirs","13":"tag-edition-loire-sud","14":"tag-eu","15":"tag-europe","16":"tag-fr","17":"tag-france","18":"tag-loire","19":"tag-news","20":"tag-rencontre","21":"tag-republique-francaise","22":"tag-saint-etienne","23":"tag-saint-etienne-ville"},"share_on_mastodon":{"url":"https:\/\/pubeurope.com\/@fr\/114642467148726368","error":""},"_links":{"self":[{"href":"https:\/\/www.europesays.com\/fr\/wp-json\/wp\/v2\/posts\/158561","targetHints":{"allow":["GET"]}}],"collection":[{"href":"https:\/\/www.europesays.com\/fr\/wp-json\/wp\/v2\/posts"}],"about":[{"href":"https:\/\/www.europesays.com\/fr\/wp-json\/wp\/v2\/types\/post"}],"author":[{"embeddable":true,"href":"https:\/\/www.europesays.com\/fr\/wp-json\/wp\/v2\/users\/2"}],"replies":[{"embeddable":true,"href":"https:\/\/www.europesays.com\/fr\/wp-json\/wp\/v2\/comments?post=158561"}],"version-history":[{"count":0,"href":"https:\/\/www.europesays.com\/fr\/wp-json\/wp\/v2\/posts\/158561\/revisions"}],"wp:featuredmedia":[{"embeddable":true,"href":"https:\/\/www.europesays.com\/fr\/wp-json\/wp\/v2\/media\/158562"}],"wp:attachment":[{"href":"https:\/\/www.europesays.com\/fr\/wp-json\/wp\/v2\/media?parent=158561"}],"wp:term":[{"taxonomy":"category","embeddable":true,"href":"https:\/\/www.europesays.com\/fr\/wp-json\/wp\/v2\/categories?post=158561"},{"taxonomy":"post_tag","embeddable":true,"href":"https:\/\/www.europesays.com\/fr\/wp-json\/wp\/v2\/tags?post=158561"}],"curies":[{"name":"wp","href":"https:\/\/api.w.org\/{rel}","templated":true}]}}