{"id":158563,"date":"2025-06-07T14:06:10","date_gmt":"2025-06-07T14:06:10","guid":{"rendered":"https:\/\/www.europesays.com\/fr\/158563\/"},"modified":"2025-06-07T14:06:10","modified_gmt":"2025-06-07T14:06:10","slug":"les-ferus-de-petite-reine-a-lassaut-du-col-de-la-republique-ce-dimanche","status":"publish","type":"post","link":"https:\/\/www.europesays.com\/fr\/158563\/","title":{"rendered":"les f\u00e9rus de petite reine \u00e0 l&rsquo;assaut du col de la R\u00e9publique ce dimanche"},"content":{"rendered":"<p>C\u2019est le rendez-vous immanquable avec la plus vieille cyclosportive fran\u00e7aise ce dimanche. \u00c0 tel point que l\u2019an pass\u00e9, un participant avait lanc\u00e9 \u00e0 l\u2019arriv\u00e9e\u00a0: \u00ab Si tu ne fais pas la V\u00e9locio, tu n\u2019es pas un cycliste\u00a0! \u00bb<\/p>\n<p>\u00c0 chacun sa r\u00e9ponse. Sous l\u2019impulsion des deux copr\u00e9sidents Paul Barlas et Gilles Mas, la mont\u00e9e V\u00e9locio a retrouv\u00e9 ces derni\u00e8res \u00e9ditions un second souffle.<\/p>\n<p>  12.788 km pour 565\u00a0m de d\u00e9nivel\u00e9<\/p>\n<p>Si certains viendront pour battre les records ou am\u00e9liorer leur performance personnelle, la grande majorit\u00e9 seront au d\u00e9part du rond-point V\u00e9locio, alias Paul de Vivie, avant tout pour le plaisir voire par tradition.<\/p>\n<p>Si on sera bien loin des 3\u00a0756 participants comptabilis\u00e9s lors de l\u2019\u00e9dition 1981, on sait bien que c\u2019est la m\u00e9t\u00e9o qui d\u00e9cide les derniers ind\u00e9cis. Car pour le reste, tout est pr\u00e9vu pour que chacun trouve une mont\u00e9e \u00e0 sa convenance.<\/p>\n<p>Ainsi, entre 8\u00a0h\u00a030 et 10\u00a0h\u00a030, il sera possible de prendre un des nombreux d\u00e9parts pour rejoindre le sommet du col \u00e0 1\u00a0161 m\u00e8tres d\u2019altitude, que ce soit avec un v\u00e9lo traditionnel, un tandem, un v\u00e9lo avec assistance ou autre.<\/p>\n<p>Pour le plaisir ou la perf&rsquo;<\/p>\n<p>Par la route, ferm\u00e9e dans les deux sens, les participants pourront effectuer les 12,788\u00a0km et ses 565 m\u00e8tres de d\u00e9nivel\u00e9 comme ils le souhaitent, soit en luttant contre le chronom\u00e8tre, soit en mont\u00e9e libre, soit \u00e0 9\u00a0h\u00a030 par le biais d\u2019une mont\u00e9e vintage. On rappellera que les deux records en vigueur sont d\u00e9tenus par C\u00e9dric Richard en 27\u201909 \u00e9tabli en 2021 et par V\u00e9ronique D\u00e9rail en 32\u201945 en 2023.<\/p>\n<p>En VTT, ce sont 22,57\u00a0km et 983 m\u00e8tres de d\u00e9nivel\u00e9 qui attendent les participants. L\u00e0 aussi, il est possible d\u2019effectuer cette mont\u00e9e soit en se battant contre le chrono pour tenter d\u2019am\u00e9liorer le record de 1 heure et 14 minutes, soit pour le plaisir sans se soucier du temps.<\/p>\n<p>Enfin, pour la 26e fois, les enfants, jusqu\u2019\u00e0 12 ans, seront de la partie au d\u00e9part de Planfoy \u00e0 11\u00a0heures pour les derniers 6,75\u00a0km du col et ses 215 m\u00e8tres de d\u00e9nivel\u00e9.<\/p>\n<p>Et apr\u00e8s l\u2019effort, le r\u00e9confort avec un petit ravitaillement bien m\u00e9rit\u00e9 qui se transforme en un grand moment de retrouvailles, de souvenirs et de convivialit\u00e9.<\/p>\n","protected":false},"excerpt":{"rendered":"C\u2019est le rendez-vous immanquable avec la plus vieille cyclosportive fran\u00e7aise ce dimanche. \u00c0 tel point que l\u2019an pass\u00e9,&hellip;\n","protected":false},"author":2,"featured_media":158564,"comment_status":"","ping_status":"","sticky":false,"template":"","format":"standard","meta":{"footnotes":""},"categories":[9653],"tags":[1111,11,2430,207,7539,1777,674,1011,27,3367,12,25,4001,7538,517],"class_list":{"0":"post-158563","1":"post","2":"type-post","3":"status-publish","4":"format-standard","5":"has-post-thumbnail","7":"category-saint-etienne","8":"tag-actu","9":"tag-actualites","10":"tag-auvergne-rhone-alpes","11":"tag-cyclisme","12":"tag-edition-loire-sud","13":"tag-eu","14":"tag-europe","15":"tag-fr","16":"tag-france","17":"tag-loire","18":"tag-news","19":"tag-republique-francaise","20":"tag-saint-etienne","21":"tag-saint-etienne-ville","22":"tag-sport"},"share_on_mastodon":{"url":"https:\/\/pubeurope.com\/@fr\/114642471015421455","error":""},"_links":{"self":[{"href":"https:\/\/www.europesays.com\/fr\/wp-json\/wp\/v2\/posts\/158563","targetHints":{"allow":["GET"]}}],"collection":[{"href":"https:\/\/www.europesays.com\/fr\/wp-json\/wp\/v2\/posts"}],"about":[{"href":"https:\/\/www.europesays.com\/fr\/wp-json\/wp\/v2\/types\/post"}],"author":[{"embeddable":true,"href":"https:\/\/www.europesays.com\/fr\/wp-json\/wp\/v2\/users\/2"}],"replies":[{"embeddable":true,"href":"https:\/\/www.europesays.com\/fr\/wp-json\/wp\/v2\/comments?post=158563"}],"version-history":[{"count":0,"href":"https:\/\/www.europesays.com\/fr\/wp-json\/wp\/v2\/posts\/158563\/revisions"}],"wp:featuredmedia":[{"embeddable":true,"href":"https:\/\/www.europesays.com\/fr\/wp-json\/wp\/v2\/media\/158564"}],"wp:attachment":[{"href":"https:\/\/www.europesays.com\/fr\/wp-json\/wp\/v2\/media?parent=158563"}],"wp:term":[{"taxonomy":"category","embeddable":true,"href":"https:\/\/www.europesays.com\/fr\/wp-json\/wp\/v2\/categories?post=158563"},{"taxonomy":"post_tag","embeddable":true,"href":"https:\/\/www.europesays.com\/fr\/wp-json\/wp\/v2\/tags?post=158563"}],"curies":[{"name":"wp","href":"https:\/\/api.w.org\/{rel}","templated":true}]}}