{"id":158565,"date":"2025-06-07T14:07:12","date_gmt":"2025-06-07T14:07:12","guid":{"rendered":"https:\/\/www.europesays.com\/fr\/158565\/"},"modified":"2025-06-07T14:07:12","modified_gmt":"2025-06-07T14:07:12","slug":"les-agriculteurs-mobilises-contre-le-litre-de-lait-a-moins-de-1-e","status":"publish","type":"post","link":"https:\/\/www.europesays.com\/fr\/158565\/","title":{"rendered":"les agriculteurs mobilis\u00e9s contre le litre de lait \u00e0 moins de 1 \u20ac"},"content":{"rendered":"<p>\u00c0 l\u2019appel de la FDSEA 54 et des Jeunes agriculteurs, une quarantaine de paysans s\u2019est mobilis\u00e9e ce samedi \u00e0 Houdemont. Les producteurs de lait ont investi les enseignes Lidl et Carrefour pour protester contre la vente du litre de lait 1\/2 \u00e9cr\u00e9m\u00e9 sous la barre des 1 \u20ac malgr\u00e9 des accords.<\/p>\n<p>Les agriculteurs ont appos\u00e9 un \u00e9tiquetage sur les packs en magasin et obtenus des enseignes que les palettes soient retir\u00e9es des rayons dans l\u2019espoir d\u2019une mise \u00e0 prix conformes aux accords.<\/p>\n<p>Lidl proposait trois produits sous les 1 \u20ac (0,92 \u20ac \u00e0 0,99 \u20ac) contre un seul lait \u00e0 0,99 \u20ac chez Carrefour.<\/p>\n<p>Tout s\u2019est pass\u00e9 dans le calme, sans incident.<\/p>\n","protected":false},"excerpt":{"rendered":"\u00c0 l\u2019appel de la FDSEA 54 et des Jeunes agriculteurs, une quarantaine de paysans s\u2019est mobilis\u00e9e ce samedi&hellip;\n","protected":false},"author":2,"featured_media":158566,"comment_status":"","ping_status":"","sticky":false,"template":"","format":"standard","meta":{"footnotes":""},"categories":[9635],"tags":[1111,11,327,33,1707,1704,1706,1705,1777,674,1011,27,775,3457,1702,12,25],"class_list":{"0":"post-158565","1":"post","2":"type-post","3":"status-publish","4":"format-standard","5":"has-post-thumbnail","7":"category-nancy","8":"tag-actu","9":"tag-actualites","10":"tag-agriculture","11":"tag-economie","12":"tag-edition-luneville","13":"tag-edition-nancy-et-agglomeration","14":"tag-edition-pont-a-mousson","15":"tag-edition-toul","16":"tag-eu","17":"tag-europe","18":"tag-fr","19":"tag-france","20":"tag-grand-est","21":"tag-meurthe-et-moselle","22":"tag-nancy","23":"tag-news","24":"tag-republique-francaise"},"share_on_mastodon":{"url":"https:\/\/pubeurope.com\/@fr\/114642475033035144","error":""},"_links":{"self":[{"href":"https:\/\/www.europesays.com\/fr\/wp-json\/wp\/v2\/posts\/158565","targetHints":{"allow":["GET"]}}],"collection":[{"href":"https:\/\/www.europesays.com\/fr\/wp-json\/wp\/v2\/posts"}],"about":[{"href":"https:\/\/www.europesays.com\/fr\/wp-json\/wp\/v2\/types\/post"}],"author":[{"embeddable":true,"href":"https:\/\/www.europesays.com\/fr\/wp-json\/wp\/v2\/users\/2"}],"replies":[{"embeddable":true,"href":"https:\/\/www.europesays.com\/fr\/wp-json\/wp\/v2\/comments?post=158565"}],"version-history":[{"count":0,"href":"https:\/\/www.europesays.com\/fr\/wp-json\/wp\/v2\/posts\/158565\/revisions"}],"wp:featuredmedia":[{"embeddable":true,"href":"https:\/\/www.europesays.com\/fr\/wp-json\/wp\/v2\/media\/158566"}],"wp:attachment":[{"href":"https:\/\/www.europesays.com\/fr\/wp-json\/wp\/v2\/media?parent=158565"}],"wp:term":[{"taxonomy":"category","embeddable":true,"href":"https:\/\/www.europesays.com\/fr\/wp-json\/wp\/v2\/categories?post=158565"},{"taxonomy":"post_tag","embeddable":true,"href":"https:\/\/www.europesays.com\/fr\/wp-json\/wp\/v2\/tags?post=158565"}],"curies":[{"name":"wp","href":"https:\/\/api.w.org\/{rel}","templated":true}]}}