{"id":158569,"date":"2025-06-07T14:09:09","date_gmt":"2025-06-07T14:09:09","guid":{"rendered":"https:\/\/www.europesays.com\/fr\/158569\/"},"modified":"2025-06-07T14:09:09","modified_gmt":"2025-06-07T14:09:09","slug":"a-toulon-une-marche-pour-dire-stop-a-la-pollution-stop-aux-croisieres","status":"publish","type":"post","link":"https:\/\/www.europesays.com\/fr\/158569\/","title":{"rendered":"\u00c0 Toulon, une marche pour dire \u00ab\u00a0Stop \u00e0 la pollution, stop aux croisi\u00e8res\u00a0\u00bb"},"content":{"rendered":"<p>Pas de ferry ni le moindre paquebot \u00e0 l\u2019horizon. Hasard du calendrier (et ironie du sort), c\u2019est lors d\u2019une matin\u00e9e sans bateau \u00e0 passagers dans le port de Toulon que s\u2019est tenue la d\u00e9clinaison locale de la \u00ab\u00a0journ\u00e9e internationale Stop Croisi\u00e8res\u00a0\u00bb. Organis\u00e9e par un collectif d\u2019associations, dont Climat Z\u00e9ro Fossile, Stop Croisi\u00e8res, Greenpeace ou Attac, cette marche, qui s\u2019est d\u00e9roul\u00e9e ce samedi du Mourillon au port de commerce, a r\u00e9uni une cinquantaine de militants. Objectif: protester contre la pollution li\u00e9e au trafic maritime, tout en d\u00e9fendant \u00ab\u00a0la qualit\u00e9 de l\u2019air et la protection de la M\u00e9diterran\u00e9e\u00a0\u00bb.<\/p>\n<p>\u00ab\u00a0Les probl\u00e8mes sont multiples\u00a0\u00bb, lance Agn\u00e8s Garcia, coordinatrice de Greenpeace. \u00ab\u00a0On nous parle d\u2019\u00e9lectrification des quais mais, pour l\u2019instant, aucun bateau ne se branche. On parle de scrubber pour filtrer les fum\u00e9es des paquebots mais les rejets de ces eaux de lavage sont balanc\u00e9s \u00e0 la mer. Tout est fait pour masquer la pollution.\u00a0\u00bb \u00c0 ses c\u00f4t\u00e9s, certains sont d\u00e9guis\u00e9s, d\u2019autres arborent des pancartes avec des slogans tels que \u00ab\u00a0La fum\u00e9e tue\u00a0\u00bb, \u00ab\u00a0Toulon suffoque\u00a0\u00bb ou \u00ab\u00a0Stop \u00e0 la pollution, stop aux croisi\u00e8res\u00a0\u00bb<\/p>\n<p>Pas un grand succ\u00e8s populaire<\/p>\n<p>Sur le trajet de la manifestation, certains habitants applaudissent. \u00ab\u00a0Moi, je suis \u00e0 fond pour\u00a0\u00bb, explique Andr\u00e9e, brocanteuse en train de d\u00e9baller sur le boulevard Bazeilles. \u00ab\u00a0J\u2019habite \u00e0 la Go\u00e9lette, en bord de rade, et on bouffe de la fum\u00e9e noire toute l\u2019ann\u00e9e. \u00c7a me r\u00e9volte. On a trop de bateaux \u00e0 Toulon\u00a0\u00bb. D\u2019autres, comme Patrick, venu faire ses emplettes dans le quartier, s\u2019\u00e9nervent. \u00ab\u00a0Il faudrait mettre les ferries \u00e0 Br\u00e9gaillon. L\u00e0-bas, ils ne g\u00eaneraient personne!\u00a0\u00bb<\/p>\n<p>Reste que la marche, organis\u00e9e en pleine conf\u00e9rence des Nations unies pour le climat \u00e0 Nice, n\u2019a pas eu le succ\u00e8s populaire escompt\u00e9. Loin, en tout cas, des affluences d\u2019il y a cinq ans quand Greta Thunberg occupait le haut de l\u2019affiche m\u00e9diatique. C\u00e9dric Lambert, membre actif du collectif Stop croisi\u00e8res, soupire: \u00ab\u00a0Le militantisme, c\u2019est un combat de tous les jours. Il ne faut rien l\u00e2cher\u2026\u00a0\u00bb<\/p>\n","protected":false},"excerpt":{"rendered":"Pas de ferry ni le moindre paquebot \u00e0 l\u2019horizon. Hasard du calendrier (et ironie du sort), c\u2019est lors&hellip;\n","protected":false},"author":2,"featured_media":158570,"comment_status":"","ping_status":"","sticky":false,"template":"","format":"standard","meta":{"footnotes":""},"categories":[9619],"tags":[1111,11,1777,674,1011,27,802,12,882,25,801,2310],"class_list":{"0":"post-158569","1":"post","2":"type-post","3":"status-publish","4":"format-standard","5":"has-post-thumbnail","7":"category-toulon","8":"tag-actu","9":"tag-actualites","10":"tag-eu","11":"tag-europe","12":"tag-fr","13":"tag-france","14":"tag-greves-et-mouvements-sociaux","15":"tag-news","16":"tag-provence-alpes-cote-dazur","17":"tag-republique-francaise","18":"tag-social","19":"tag-toulon"},"share_on_mastodon":{"url":"https:\/\/pubeurope.com\/@fr\/114642482843828982","error":""},"_links":{"self":[{"href":"https:\/\/www.europesays.com\/fr\/wp-json\/wp\/v2\/posts\/158569","targetHints":{"allow":["GET"]}}],"collection":[{"href":"https:\/\/www.europesays.com\/fr\/wp-json\/wp\/v2\/posts"}],"about":[{"href":"https:\/\/www.europesays.com\/fr\/wp-json\/wp\/v2\/types\/post"}],"author":[{"embeddable":true,"href":"https:\/\/www.europesays.com\/fr\/wp-json\/wp\/v2\/users\/2"}],"replies":[{"embeddable":true,"href":"https:\/\/www.europesays.com\/fr\/wp-json\/wp\/v2\/comments?post=158569"}],"version-history":[{"count":0,"href":"https:\/\/www.europesays.com\/fr\/wp-json\/wp\/v2\/posts\/158569\/revisions"}],"wp:featuredmedia":[{"embeddable":true,"href":"https:\/\/www.europesays.com\/fr\/wp-json\/wp\/v2\/media\/158570"}],"wp:attachment":[{"href":"https:\/\/www.europesays.com\/fr\/wp-json\/wp\/v2\/media?parent=158569"}],"wp:term":[{"taxonomy":"category","embeddable":true,"href":"https:\/\/www.europesays.com\/fr\/wp-json\/wp\/v2\/categories?post=158569"},{"taxonomy":"post_tag","embeddable":true,"href":"https:\/\/www.europesays.com\/fr\/wp-json\/wp\/v2\/tags?post=158569"}],"curies":[{"name":"wp","href":"https:\/\/api.w.org\/{rel}","templated":true}]}}