{"id":15857,"date":"2025-04-10T21:04:11","date_gmt":"2025-04-10T21:04:11","guid":{"rendered":"https:\/\/www.europesays.com\/fr\/15857\/"},"modified":"2025-04-10T21:04:11","modified_gmt":"2025-04-10T21:04:11","slug":"le-royaume-uni-arrete-six-activistes-apres-une-manifestation-contre-la-vente-darmes-a-israel","status":"publish","type":"post","link":"https:\/\/www.europesays.com\/fr\/15857\/","title":{"rendered":"Le Royaume-Uni arr\u00eate six activistes apr\u00e8s une manifestation contre la vente d&rsquo;armes \u00e0 Isra\u00ebl"},"content":{"rendered":"<p>Ils voulaient protester contre la vente d\u2019armes am\u00e9ricaines \u00e0 Isra\u00ebl : six activistes ont \u00e9t\u00e9 arr\u00eat\u00e9s jeudi 10 avril \u00e0 Londres, dont le co-directeur de Greenpeace Royaume-Uni. La police les soup\u00e7onne de d\u00e9gradations criminelles et volontaires, apr\u00e8s avoir d\u00e9vers\u00e9 des centaines de litres de colorant rouge dans l&rsquo;\u00e9tang qui borde l&rsquo;ambassade am\u00e9ricaine, pour repr\u00e9senter le sang des Palestiniens.<\/p>\n<p>Avec notre correspondante \u00e0 Londres, <strong>\u00c9meline Vin<\/strong><\/p>\n<p>Il n\u2019est pas encore huit heures jeudi matin \u00e0 Londres quand une douzaine d\u2019activistes arrivent devant l\u2019ambassade am\u00e9ricaine. D\u00e9guis\u00e9s en livreurs \u00e0 v\u00e9lo, ils d\u00e9versent 300 litres de colorant rouge sang dans l\u2019\u00e9tang qui borde le b\u00e2timent ultra-moderne. Sur les conteneurs, les mots : \u00ab Arr\u00eatez d\u2019armer <strong><a href=\"https:\/\/www.rfi.fr\/fr\/tag\/isra\u00ebl\/\" class=\"link \" rel=\"nofollow noopener\" target=\"_blank\" data-ylk=\"slk:Isra\u00ebl;elm:context_link;itc:0;sec:content-canvas\">Isra\u00ebl<\/a><\/strong> \u00bb.<\/p>\n<p>Greenpeace, \u00e0 l\u2019origine de la manifestation,<strong><a href=\"https:\/\/www.greenpeace.org.uk\/news\/israel-gaza-protest-us-embassy\/\" rel=\"nofollow noopener\" target=\"_blank\" data-ylk=\"slk:justifie dans un communiqu\u00e9;elm:context_link;itc:0;sec:content-canvas\" class=\"link \"> justifie dans un communiqu\u00e9<\/a> <\/strong>cette action car \u00ab les \u00c9tats-Unis sont le plus gros fournisseur d\u2019armes d\u2019Isra\u00ebl et portent une lourde responsabilit\u00e9 dans les horreurs qui se d\u00e9roulent \u00e0 Gaza \u00bb. Cela en r\u00e9f\u00e9rence aux milliers de victimes civiles de l\u2019arm\u00e9e isra\u00e9lienne dans l\u2019enclave palestinienne, en r\u00e9plique \u00e0 l\u2019attaque du Hamas du 7 octobre 2023.<\/p>\n<p>\u00ab Le droit de manifester est attaqu\u00e9 au Royaume-Uni \u00bb<\/p>\n<p>La police arr\u00eate six personnes dans l\u2019apr\u00e8s-midi, dont le co-directeur de l\u2019ONG environnementale, pour d\u00e9gradations criminelles avec pr\u00e9m\u00e9ditation. Les activistes encourent jusqu\u2019\u00e0 10 ans de prison.<\/p>\n<p><a href=\"https:\/\/www.rfi.fr\/fr\/europe\/20250410-le-royaume-uni-arr%C3%AAte-six-activistes-apr%C3%A8s-une-manifestation-contre-la-vente-d-armes-%C3%A0-isra%C3%ABl\" rel=\"nofollow noopener\" target=\"_blank\" data-ylk=\"slk:Lire la suite sur RFI;elm:context_link;itc:0;sec:content-canvas\" class=\"link \">Lire la suite sur RFI<\/a><\/p>\n","protected":false},"excerpt":{"rendered":"Ils voulaient protester contre la vente d\u2019armes am\u00e9ricaines \u00e0 Isra\u00ebl : six activistes ont \u00e9t\u00e9 arr\u00eat\u00e9s jeudi 10&hellip;\n","protected":false},"author":2,"featured_media":15858,"comment_status":"","ping_status":"","sticky":false,"template":"","format":"standard","meta":{"footnotes":""},"categories":[1588],"tags":[6599,11,1777,674,6598,664,4534,12,473,1853,1851,1850,1852],"class_list":{"0":"post-15857","1":"post","2":"type-post","3":"status-publish","4":"format-standard","5":"has-post-thumbnail","7":"category-royaume-uni","8":"tag-activistes","9":"tag-actualites","10":"tag-eu","11":"tag-europe","12":"tag-greenpeace-royaume-uni","13":"tag-israel","14":"tag-londres","15":"tag-news","16":"tag-royaume-uni","17":"tag-royaume-uni-de-grande-bretagne-et-dirlande-du-nord","18":"tag-uk","19":"tag-united-kingdom","20":"tag-united-kingdom-of-great-britain-and-northern-ireland"},"share_on_mastodon":{"url":"https:\/\/pubeurope.com\/@fr\/114315700725060426","error":""},"_links":{"self":[{"href":"https:\/\/www.europesays.com\/fr\/wp-json\/wp\/v2\/posts\/15857","targetHints":{"allow":["GET"]}}],"collection":[{"href":"https:\/\/www.europesays.com\/fr\/wp-json\/wp\/v2\/posts"}],"about":[{"href":"https:\/\/www.europesays.com\/fr\/wp-json\/wp\/v2\/types\/post"}],"author":[{"embeddable":true,"href":"https:\/\/www.europesays.com\/fr\/wp-json\/wp\/v2\/users\/2"}],"replies":[{"embeddable":true,"href":"https:\/\/www.europesays.com\/fr\/wp-json\/wp\/v2\/comments?post=15857"}],"version-history":[{"count":0,"href":"https:\/\/www.europesays.com\/fr\/wp-json\/wp\/v2\/posts\/15857\/revisions"}],"wp:featuredmedia":[{"embeddable":true,"href":"https:\/\/www.europesays.com\/fr\/wp-json\/wp\/v2\/media\/15858"}],"wp:attachment":[{"href":"https:\/\/www.europesays.com\/fr\/wp-json\/wp\/v2\/media?parent=15857"}],"wp:term":[{"taxonomy":"category","embeddable":true,"href":"https:\/\/www.europesays.com\/fr\/wp-json\/wp\/v2\/categories?post=15857"},{"taxonomy":"post_tag","embeddable":true,"href":"https:\/\/www.europesays.com\/fr\/wp-json\/wp\/v2\/tags?post=15857"}],"curies":[{"name":"wp","href":"https:\/\/api.w.org\/{rel}","templated":true}]}}