{"id":158579,"date":"2025-06-07T14:14:09","date_gmt":"2025-06-07T14:14:09","guid":{"rendered":"https:\/\/www.europesays.com\/fr\/158579\/"},"modified":"2025-06-07T14:14:09","modified_gmt":"2025-06-07T14:14:09","slug":"pres-de-rouen-une-usine-seveso-seuil-haut-mise-en-demeure","status":"publish","type":"post","link":"https:\/\/www.europesays.com\/fr\/158579\/","title":{"rendered":"pr\u00e8s de Rouen, une usine Seveso seuil haut mise en demeure"},"content":{"rendered":"<p>            Par<br \/>\n        <strong><br \/>\n            <a href=\"https:\/\/actu.fr\/auteur\/aurelien-delavaud\" title=\"Consulter tous les articles de Aur\u00e9lien Delavaud\" target=\"_blank\" rel=\"noopener\">Aur\u00e9lien Delavaud<\/a><br \/>\n        <\/strong><\/p>\n<p>        Publi\u00e9 le<\/p>\n<p>            7 juin 2025 \u00e0 15h47        <\/p>\n<p>L\u2019incendie de l\u2019usine Lubrizol, en 2019, laisse toujours planer une menace au-dessus des <b>usines class\u00e9es Seveso<\/b>, dans la M\u00e9tropole de Rouen.<\/p>\n<p class=\" wall-content\">Pourtant, pr\u00e8s de six ans apr\u00e8s la catastrophe, toutes les entreprises ne sont pas encore au niveau attendu, pour r\u00e9pondre \u00e0 un \u00e9ventuel sinistre.<\/p>\n<p class=\" wall-content\">C\u2019est le cas de l\u2019usine <b>E&amp;S Chimie<\/b>, situ\u00e9e \u00e0 <a href=\"https:\/\/actu.fr\/normandie\/saint-pierre-les-elbeuf_76640\" target=\"_blank\" rel=\"noopener\">Saint-Pierre-l\u00e8s-Elbeuf (Seine-Maritime)<\/a>.<\/p>\n<p>    <a href=\"https:\/\/maps.google.com\/maps?q=49.268033786341,1.0432691558197105&amp;z=15&amp;output=embed\" title=\"Ouvrie le lien\" target=\"_blank\" rel=\"noopener\">Cliquez ici pour visualiser le contenu<\/a><\/p>\n<p class=\" wall-content\">Le mercredi 4\u00a0juin 2025, par un arr\u00eat\u00e9, la pr\u00e9fecture de la Seine-Maritime a <b>mis en demeure<\/b> l\u2019industriel pour des <b>manquements face au risque d\u2019incendie<\/b>.<\/p>\n<p>Quelle d\u00e9fense en cas d\u2019incendie\u2009?<\/p>\n<p class=\" wall-content\">C\u2019est un <b>contr\u00f4le des services de l\u2019\u00c9tat<\/b>, le mardi 21\u00a0janvier 2025, qui a permis de mettre en lumi\u00e8re plusieurs probl\u00e8mes sur le site, o\u00f9 sont stock\u00e9es de grandes quantit\u00e9s de <b>mati\u00e8res combustibles et inflammables<\/b>, qui servent \u00e0 cr\u00e9er de composants utilis\u00e9s dans la fabrication de produits cosm\u00e9tiques et de d\u00e9tergents.<\/p>\n<p>Vid\u00e9os : en ce moment sur Actu<\/p>\n<p class=\" wall-content\">Dans son arr\u00eat\u00e9, la pr\u00e9fecture pointe notamment le fait que des zones de stockages de produits ne sont pas compartiment\u00e9es, pour \u00e9viter un effet domino, en cas de d\u00e9part de feu, contrairement aux engagements pris en 2024 par l\u2019entreprise.<\/p>\n<p class=\" wall-content\">Ensuite, l\u2019industriel n\u2019a pas d\u00e9fini la taille de la zone qui pourrait prendre feu. En cons\u00e9quence, il n\u2019a pas de plan fiable et il ne peut pas pr\u00e9voir les quantit\u00e9s d\u2019eau et de produits n\u00e9cessaires pour \u00e9teindre un feu global.<\/p>\n<p class=\" wall-content\">La pr\u00e9fecture r\u00e9clame aussi, parmi de nombreux points, l\u2019installation \u00ab\u2009d\u2019un syst\u00e8me de d\u00e9tection incendie sur les stockages ext\u00e9rieurs de liquides inflammables et combustibles\u2009\u00bb.<\/p>\n<p>Une obligation de r\u00e9agir<\/p>\n<p class=\" wall-content\">Pour les diff\u00e9rents manquements relev\u00e9s, E&amp;S Chimie a diff\u00e9rentes dates limites pour <b>se mettre aux normes<\/b>. Elle a jusqu\u2019au 31\u00a0juillet 2025, pour les \u00e9ch\u00e9ances les plus proches, ou jusqu\u2019\u00e0 l\u2019automne ou m\u00eame mars\u00a02026 pour d\u2019autres.<\/p>\n<p class=\" wall-content\">Si ces obligations ne sont pas remplies dans les temps, la pr\u00e9fecture pr\u00e9cise que <b>des sanctions pourraient \u00eatre prises<\/b> \u00e0 l\u2019encontre de l\u2019exploitant.<\/p>\n<p class=\" wall-content\">Suivez toute l\u2019actualit\u00e9 de vos villes et m\u00e9dias favoris en vous inscrivant \u00e0 <a href=\"https:\/\/moncompte.actu.fr\" title=\"D\u00e9couvez Mon Actu\" rel=\"nofollow noopener\" data-trk=\"{&quot;cta&quot;:{&quot;action&quot;:&quot;https:\\\/\\\/moncompte.actu.fr&quot;,&quot;category&quot;:&quot;mon compte&quot;,&quot;from&quot;:&quot;article footer&quot;,&quot;name&quot;:&quot;Mon actu&quot;,&quot;type&quot;:&quot;cta&quot;}}\" target=\"_blank\">Mon Actu<\/a>.<\/p>\n","protected":false},"excerpt":{"rendered":"Par Aur\u00e9lien Delavaud Publi\u00e9 le 7 juin 2025 \u00e0 15h47 L\u2019incendie de l\u2019usine Lubrizol, en 2019, laisse toujours&hellip;\n","protected":false},"author":2,"featured_media":158580,"comment_status":"","ping_status":"","sticky":false,"template":"","format":"standard","meta":{"footnotes":""},"categories":[9587],"tags":[1111,11,1777,674,1011,27,693,12,5161,25,9590,28957,104],"class_list":{"0":"post-158579","1":"post","2":"type-post","3":"status-publish","4":"format-standard","5":"has-post-thumbnail","7":"category-rouen","8":"tag-actu","9":"tag-actualites","10":"tag-eu","11":"tag-europe","12":"tag-fr","13":"tag-france","14":"tag-industrie","15":"tag-news","16":"tag-normandie","17":"tag-republique-francaise","18":"tag-rouen","19":"tag-seveso","20":"tag-societe"},"share_on_mastodon":{"url":"https:\/\/pubeurope.com\/@fr\/114642502531156789","error":""},"_links":{"self":[{"href":"https:\/\/www.europesays.com\/fr\/wp-json\/wp\/v2\/posts\/158579","targetHints":{"allow":["GET"]}}],"collection":[{"href":"https:\/\/www.europesays.com\/fr\/wp-json\/wp\/v2\/posts"}],"about":[{"href":"https:\/\/www.europesays.com\/fr\/wp-json\/wp\/v2\/types\/post"}],"author":[{"embeddable":true,"href":"https:\/\/www.europesays.com\/fr\/wp-json\/wp\/v2\/users\/2"}],"replies":[{"embeddable":true,"href":"https:\/\/www.europesays.com\/fr\/wp-json\/wp\/v2\/comments?post=158579"}],"version-history":[{"count":0,"href":"https:\/\/www.europesays.com\/fr\/wp-json\/wp\/v2\/posts\/158579\/revisions"}],"wp:featuredmedia":[{"embeddable":true,"href":"https:\/\/www.europesays.com\/fr\/wp-json\/wp\/v2\/media\/158580"}],"wp:attachment":[{"href":"https:\/\/www.europesays.com\/fr\/wp-json\/wp\/v2\/media?parent=158579"}],"wp:term":[{"taxonomy":"category","embeddable":true,"href":"https:\/\/www.europesays.com\/fr\/wp-json\/wp\/v2\/categories?post=158579"},{"taxonomy":"post_tag","embeddable":true,"href":"https:\/\/www.europesays.com\/fr\/wp-json\/wp\/v2\/tags?post=158579"}],"curies":[{"name":"wp","href":"https:\/\/api.w.org\/{rel}","templated":true}]}}