{"id":158581,"date":"2025-06-07T14:15:12","date_gmt":"2025-06-07T14:15:12","guid":{"rendered":"https:\/\/www.europesays.com\/fr\/158581\/"},"modified":"2025-06-07T14:15:12","modified_gmt":"2025-06-07T14:15:12","slug":"grenoble-un-nouveau-rassemblement-en-faveur-de-la-palestine-sur-la-place-felix-poulat","status":"publish","type":"post","link":"https:\/\/www.europesays.com\/fr\/158581\/","title":{"rendered":"Grenoble. Un nouveau rassemblement en faveur de la Palestine sur la place F\u00e9lix-Poulat"},"content":{"rendered":"<p>Sous la pluie, ce samedi 7\u00a0juin, environ 30 militants de l\u2019Association France Palestine Solidarit\u00e9 (AFPS) se sont r\u00e9unis place F\u00e9lix-Poulat, \u00e0 Grenoble.\u00a0Ils ont distribu\u00e9 des tracts, fait signer des p\u00e9titions et discuter de la situation en Palestine avec les passants int\u00e9ress\u00e9s. Ce rassemblement, qui s\u2019inscrit dans le cadre des \u201cSamedis de la Palestine\u201d, organis\u00e9s chaque premier samedi du mois, se d\u00e9roule un peu plus d\u2019une semaine apr\u00e8s <a href=\"https:\/\/www.ledauphine.com\/defense-guerre-conflit\/2025\/05\/27\/plusieurs-centaines-de-manifestants-en-faveur-de-la-palestine-sur-le-cours-jean-jaures-le-tram-e-bloque\" target=\"_blank\" rel=\"noopener\">la grosse manifestation cours Jean-Jaur\u00e8s, le 27\u00a0mai<\/a>. \u00ab\u00a0Heureusement, nous ne sommes plus les seuls \u00e0 nous mobiliser\u00a0\u00bb, se r\u00e9jouit Simon Barathieu, vice-pr\u00e9sident de l\u2019AFPS, qui esp\u00e8re d\u2019autres manifestations.<\/p>\n","protected":false},"excerpt":{"rendered":"Sous la pluie, ce samedi 7\u00a0juin, environ 30 militants de l\u2019Association France Palestine Solidarit\u00e9 (AFPS) se sont r\u00e9unis&hellip;\n","protected":false},"author":2,"featured_media":158582,"comment_status":"","ping_status":"","sticky":false,"template":"","format":"standard","meta":{"footnotes":""},"categories":[9566],"tags":[1111,11,2430,3206,112,1777,674,1011,27,2731,2732,108,12,316,25,801],"class_list":{"0":"post-158581","1":"post","2":"type-post","3":"status-publish","4":"format-standard","5":"has-post-thumbnail","7":"category-grenoble","8":"tag-actu","9":"tag-actualites","10":"tag-auvergne-rhone-alpes","11":"tag-defense-guerre-conflit","12":"tag-edition-grenoble-agglomeration","13":"tag-eu","14":"tag-europe","15":"tag-fr","16":"tag-france","17":"tag-grenoble","18":"tag-grenoble-bassin","19":"tag-isere","20":"tag-news","21":"tag-politique","22":"tag-republique-francaise","23":"tag-social"},"share_on_mastodon":{"url":"https:\/\/pubeurope.com\/@fr\/114642506432278035","error":""},"_links":{"self":[{"href":"https:\/\/www.europesays.com\/fr\/wp-json\/wp\/v2\/posts\/158581","targetHints":{"allow":["GET"]}}],"collection":[{"href":"https:\/\/www.europesays.com\/fr\/wp-json\/wp\/v2\/posts"}],"about":[{"href":"https:\/\/www.europesays.com\/fr\/wp-json\/wp\/v2\/types\/post"}],"author":[{"embeddable":true,"href":"https:\/\/www.europesays.com\/fr\/wp-json\/wp\/v2\/users\/2"}],"replies":[{"embeddable":true,"href":"https:\/\/www.europesays.com\/fr\/wp-json\/wp\/v2\/comments?post=158581"}],"version-history":[{"count":0,"href":"https:\/\/www.europesays.com\/fr\/wp-json\/wp\/v2\/posts\/158581\/revisions"}],"wp:featuredmedia":[{"embeddable":true,"href":"https:\/\/www.europesays.com\/fr\/wp-json\/wp\/v2\/media\/158582"}],"wp:attachment":[{"href":"https:\/\/www.europesays.com\/fr\/wp-json\/wp\/v2\/media?parent=158581"}],"wp:term":[{"taxonomy":"category","embeddable":true,"href":"https:\/\/www.europesays.com\/fr\/wp-json\/wp\/v2\/categories?post=158581"},{"taxonomy":"post_tag","embeddable":true,"href":"https:\/\/www.europesays.com\/fr\/wp-json\/wp\/v2\/tags?post=158581"}],"curies":[{"name":"wp","href":"https:\/\/api.w.org\/{rel}","templated":true}]}}