{"id":158589,"date":"2025-06-07T14:21:30","date_gmt":"2025-06-07T14:21:30","guid":{"rendered":"https:\/\/www.europesays.com\/fr\/158589\/"},"modified":"2025-06-07T14:21:30","modified_gmt":"2025-06-07T14:21:30","slug":"on-nest-plus-que-des-clients-pour-lihu-un-patient-dont-lirm-a-ete-deprogrammee-temoigne","status":"publish","type":"post","link":"https:\/\/www.europesays.com\/fr\/158589\/","title":{"rendered":"\u00ab\u00a0On n&rsquo;est plus que des clients pour l&rsquo;IHU\u00a0\u00bb, un patient dont l&rsquo;IRM a \u00e9t\u00e9 d\u00e9programm\u00e9e t\u00e9moigne"},"content":{"rendered":"<p class=\"wp-block-post-excerpt__excerpt\">Un patient atteint d\u2019un cancer en phase 4 a vu son rendez-vous pour une IRM \u00e0 l\u2019Institut hospitalo-universitaire de Strasbourg annul\u00e9. \u00c0 la m\u00eame p\u00e9riode, l\u2019IHU a utilis\u00e9 le personnel restant pour r\u00e9aliser un examen sur des cochons et un cadavre dans le cadre d\u2019un partenariat priv\u00e9. <\/p>\n<p><a href=\"https:\/\/www.rue89strasbourg.com\/category\/premium\" rel=\"tag nofollow noopener\" target=\"_blank\">\u00c9dition abonn\u00e9s<\/a>, <a href=\"https:\/\/www.rue89strasbourg.com\/category\/interview\" rel=\"tag nofollow noopener\" target=\"_blank\">Interview<\/a><\/p>\n<p>Lucile Vitrac<\/p>\n<p>Publi\u00e9 le 7 juin 2025\u00a0\u00a0\u00b7\u00a0\u00a0<\/p>\n<p>Imprim\u00e9 le 7 juin 2025 \u00e0 16h21\u00a0\u00a0\u00b7\u00a0\u00a0<\/p>\n<p>\t\t\t\t\t3\u00a0minutes\n<\/p>\n<p class=\"has-drop-cap\">Laurent est l\u2019un des patients dont l\u2019examen via imagerie \u00e0 r\u00e9sonance magn\u00e9tique (IRM) \u00e0 l\u2019Institut hospitalo-universitaire (IHU) de Strasbourg a \u00e9t\u00e9 annul\u00e9e, faute de personnel disponible en radiologie. L\u2019homme de 58 ans, originaire de Colmar vit dans le Haut-Rhin depuis sa naissance. \u00ab\u00a0Je d\u00e9teste les h\u00f4pitaux. Petit, j\u2019\u00e9tais souvent malade et j\u2019ai \u00e9t\u00e9 op\u00e9r\u00e9 des amygdales. J\u2019en garde un tr\u00e8s mauvais souvenir.\u00a0\u00bb Son exp\u00e9rience \u00e0 l\u2019IHU ne redorera pas l\u2019image qu\u2019il en a.<\/p>\n<p>En d\u00e9cembre 2024, Laurent apprend \u00eatre atteint d\u2019un cancer du c\u00f4lon, apr\u00e8s avoir \u00e9t\u00e9 admis \u00e0 l\u2019h\u00f4pital Louis Pasteur de Colmar \u00e0 la suite d\u2019un malaise\u00a0: <\/p>\n<blockquote class=\"wp-block-quote is-layout-flow wp-block-quote-is-layout-flow\">\n<p>\u00ab\u00a0Je suis all\u00e9 chercher des guirlandes de No\u00ebl dans le cabanon en bois pour d\u00e9corer ma maison. J\u2019ai eu soudainement tr\u00e8s froid, je suis rentr\u00e9 chez moi et je me suis effondr\u00e9.\u00a0\u00bb<\/p>\n<\/blockquote>\n<p><a href=\"https:\/\/www.rue89strasbourg.com\/abonnement\" rel=\"nofollow noopener\" target=\"_blank\"><img loading=\"lazy\" decoding=\"async\" width=\"970\" height=\"250\" src=\"https:\/\/www.europesays.com\/fr\/wp-content\/uploads\/2025\/05\/bannie\u0300re-autopromo-2025-desktop-1.gif\" alt=\"\" class=\"wp-image-343590\" style=\"width:792px\"\/><\/a><\/p>\n<p><a href=\"https:\/\/www.rue89strasbourg.com\/abonnement\" rel=\"nofollow noopener\" target=\"_blank\"><img loading=\"lazy\" decoding=\"async\" width=\"300\" height=\"300\" src=\"https:\/\/www.europesays.com\/fr\/wp-content\/uploads\/2025\/05\/bannieres@2x.png\" alt=\"\" class=\"wp-image-341656\"  \/><\/a><\/p>\n<p>Un examen attendu et important<\/p>\n<p>\u00ab\u00a0On a d\u00e9couvert trois nodules au niveau de l\u2019estomac, un nodule de 9 millim\u00e8tres au niveau du foie et un nodule au poumon. Mon cancer \u00e9tait en phase 4 (g\u00e9n\u00e9ralis\u00e9 dans l\u2019organisme, NDLR)\u00ab\u00a0, explique Laurent\u00a0:<\/p>\n<blockquote class=\"wp-block-quote is-layout-flow wp-block-quote-is-layout-flow\">\n<p>\u00ab\u00a0J\u2019ai demand\u00e9 ensuite \u00e0 \u00eatre intern\u00e9 \u00e0 l\u2019Institut de canc\u00e9rologie de Strasbourg (Icans). Le 7 f\u00e9vrier, je rencontre mon m\u00e9decin, qui a pris rendez-vous pour une IRM \u00e0 l\u2019IHU le 26 mars.\u00a0Et en fonction des r\u00e9sultats de cet examen, le chirurgien devait d\u00e9terminer le mode op\u00e9ratoire. Un rendez-vous \u00e9tait pris le 4 avril pour une op\u00e9ration courant du mois de mai.\u00a0\u00bb <\/p>\n<\/blockquote>\n<p>Lisez la suite pour 1\u20ac seulement<\/p>\n<ul class=\"wp-block-list\">\n<li class=\"align-start flex list-none mb-2 has-medium-font-size\">Acc\u00e9dez \u00e0 nos enqu\u00eates et r\u00e9v\u00e9lations exclusives<\/li>\n<li class=\"align-start flex list-none mb-2 has-medium-font-size\">Soutenez une r\u00e9daction locale qui appartient \u00e0 ses journalistes<\/li>\n<li class=\"align-start flex list-none mb-2 has-medium-font-size\">Maintenez une vigie citoyenne sur les pouvoirs locaux<\/li>\n<\/ul>\n<p class=\"has-text-align-right\"><strong><a href=\"https:\/\/www.rue89strasbourg.com\/abonnement\" data-type=\"page\" data-id=\"0\" rel=\"nofollow noopener\" target=\"_blank\">Je m\u2019abonne\u00a0 <\/a><\/strong><\/p>\n<p>\t\t\t<a href=\"https:\/\/www.rue89strasbourg.com\/\" class=\"custom-logo-link\" rel=\"home nofollow noopener\" target=\"_blank\"><img loading=\"lazy\" decoding=\"async\" width=\"290\" height=\"62\" src=\"https:\/\/www.europesays.com\/fr\/wp-content\/uploads\/2025\/04\/1743975279_388_logo.png\" class=\"custom-logo\" alt=\"Rue89 Strasbourg Enqu\u00eates et informations locales\"  \/><\/a><\/p>\n<p>\n\t\t\t\tAbonnez-vous maintenant pour suivre l\u2019actualit\u00e9 locale.\t\t\t<\/p>\n<p class=\"font-bold font-serif-heading mb-2 text-4xl\">\n\t\t\t\t\t\tL\u2019investigation locale \u00e0 port\u00e9e de main.\n\t\t\t\t\t<\/p>\n<p>\n\t\t\t\t\t\tAbonnez-vous et profitez d\u2019un acc\u00e8s illimit\u00e9 \u00e0 Rue89 Strasbourg. Annulez quand vous voulez.\n\t\t\t\t\t<\/p>\n<p class=\"xl:text-sm\">\n\t\t\t\t\tD\u00e9j\u00e0 abonn\u00e9\u00a0?<br \/>\n\t\t\t\t\t<a class=\"border border-transparent text-center transition-colors duration-instant focus:border-info focus:rounded focus:shadow-focus cursor-pointer text-black hover:text-gray-700 active:bg-black-700 font-semibold inline-block\" href=\"https:\/\/www.rue89strasbourg.com\/user\/connexion?redirect=\/ihu-cancer-irm-temoignage-346107\" rel=\"nofollow noopener\" target=\"_blank\">Connectez-vous<\/a>\t\t\t\t<\/p>\n<p>\n\t\t\t\tChoisissez votre formule\u00a0:\n\t\t\t<\/p>\n<p>\t\t\t\tFermer<\/p>\n","protected":false},"excerpt":{"rendered":"Un patient atteint d\u2019un cancer en phase 4 a vu son rendez-vous pour une IRM \u00e0 l\u2019Institut hospitalo-universitaire&hellip;\n","protected":false},"author":2,"featured_media":158590,"comment_status":"","ping_status":"","sticky":false,"template":"","format":"standard","meta":{"footnotes":""},"categories":[2820],"tags":[1111,11,101,1777,674,1011,27,775,24103,12,25,71,640],"class_list":{"0":"post-158589","1":"post","2":"type-post","3":"status-publish","4":"format-standard","5":"has-post-thumbnail","7":"category-strasbourg","8":"tag-actu","9":"tag-actualites","10":"tag-cancer","11":"tag-eu","12":"tag-europe","13":"tag-fr","14":"tag-france","15":"tag-grand-est","16":"tag-ihu","17":"tag-news","18":"tag-republique-francaise","19":"tag-sante","20":"tag-strasbourg"},"share_on_mastodon":{"url":"https:\/\/pubeurope.com\/@fr\/114642530244570192","error":""},"_links":{"self":[{"href":"https:\/\/www.europesays.com\/fr\/wp-json\/wp\/v2\/posts\/158589","targetHints":{"allow":["GET"]}}],"collection":[{"href":"https:\/\/www.europesays.com\/fr\/wp-json\/wp\/v2\/posts"}],"about":[{"href":"https:\/\/www.europesays.com\/fr\/wp-json\/wp\/v2\/types\/post"}],"author":[{"embeddable":true,"href":"https:\/\/www.europesays.com\/fr\/wp-json\/wp\/v2\/users\/2"}],"replies":[{"embeddable":true,"href":"https:\/\/www.europesays.com\/fr\/wp-json\/wp\/v2\/comments?post=158589"}],"version-history":[{"count":0,"href":"https:\/\/www.europesays.com\/fr\/wp-json\/wp\/v2\/posts\/158589\/revisions"}],"wp:featuredmedia":[{"embeddable":true,"href":"https:\/\/www.europesays.com\/fr\/wp-json\/wp\/v2\/media\/158590"}],"wp:attachment":[{"href":"https:\/\/www.europesays.com\/fr\/wp-json\/wp\/v2\/media?parent=158589"}],"wp:term":[{"taxonomy":"category","embeddable":true,"href":"https:\/\/www.europesays.com\/fr\/wp-json\/wp\/v2\/categories?post=158589"},{"taxonomy":"post_tag","embeddable":true,"href":"https:\/\/www.europesays.com\/fr\/wp-json\/wp\/v2\/tags?post=158589"}],"curies":[{"name":"wp","href":"https:\/\/api.w.org\/{rel}","templated":true}]}}