{"id":158595,"date":"2025-06-07T14:24:09","date_gmt":"2025-06-07T14:24:09","guid":{"rendered":"https:\/\/www.europesays.com\/fr\/158595\/"},"modified":"2025-06-07T14:24:09","modified_gmt":"2025-06-07T14:24:09","slug":"une-cruaute-extreme-une-association-denonce-la-vente-dun-article-controverse-dans-ce-supermarche","status":"publish","type":"post","link":"https:\/\/www.europesays.com\/fr\/158595\/","title":{"rendered":"\u00ab\u00a0une cruaut\u00e9 extr\u00eame\u00a0\u00bb, une association d\u00e9nonce la vente d&rsquo;un article controvers\u00e9 dans ce supermarch\u00e9"},"content":{"rendered":"<p>            Par<br \/>\n        <strong><br \/>\n            <a href=\"https:\/\/actu.fr\/auteur\/clemence-pays02-actu-fr\" title=\"Consulter tous les articles de Cl\u00e9mence Pays\" target=\"_blank\" rel=\"noopener\">Cl\u00e9mence Pays<\/a><br \/>\n        <\/strong><\/p>\n<p>        Publi\u00e9 le<\/p>\n<p>            7 juin 2025 \u00e0 15h32        <\/p>\n<p><strong>17\u2009250.<\/strong> C\u2019est le nombre de signatures recueillies depuis la fin du mois de mai\u00a02025, par <a href=\"https:\/\/www.mesopinions.com\/petition\/animaux\/leclerc-ancenis-paridis-44-stop-aux\/242542\" target=\"_blank\" rel=\"noopener\">la p\u00e9tition<\/a> lanc\u00e9e par l\u2019association Projet Animaux Zoopolis (Paz), <strong>contre un supermarch\u00e9 de Nantes<\/strong> et un d\u2019<a href=\"https:\/\/actu.fr\/pays-de-la-loire\/ancenis-saint-gereon_44003\" target=\"_blank\" rel=\"noopener\">Ancenis<\/a>.<\/p>\n<p class=\" wall-content\">Dans un communiqu\u00e9 adress\u00e9 \u00e0 la r\u00e9daction d\u2019<a href=\"https:\/\/actu.fr\/nantes\/\" target=\"_blank\" rel=\"noopener\">actu Nantes<\/a>, l\u2019association indique mener \u00ab\u2009une campagne visant <strong>l\u2019interdiction des pi\u00e8ges \u00e0 colle\u2009\u00bb.<\/strong><\/p>\n<p class=\" wall-content\">\u00ab\u2009Karine et Marine, clientes des E.Leclerc d\u2019Ancenis et Paridis et<strong> choqu\u00e9es<\/strong> par le fait que des pi\u00e8ges \u00e0 colle sont en vente, nous ont contact\u00e9s pour agir\u2009\u00bb, r\u00e9v\u00e8le la\u00a0Paz.<\/p>\n<p>Une p\u00e9tition lanc\u00e9e<\/p>\n<p class=\" wall-content\">L\u2019association a alors \u00ab\u2009encourag\u00e9\u2009\u00bb ces clientes \u00e0 lancer une p\u00e9tition afin de demander au magasin \u00ab\u2009le <strong>retrait imm\u00e9diat des pi\u00e8ges<\/strong> \u00e0 colle\u2009\u00bb. En quelques jours, plus de 17\u2009000 signatures ont donc \u00e9t\u00e9 comptabilis\u00e9es.<\/p>\n<blockquote class=\"ac-article-quote wall-content\">\n<p>Suite \u00e0 la campagne de PAZ, les enseignes Bricorama, Rural Master, L\u2019Entrep\u00f4t du bricolage, Jardiland, Carrefour et Gamm Vert se sont engag\u00e9es officiellement \u00e0 cesser la vente des pi\u00e8ges \u00e0 colle d\u00e8s \u00e9coulements des stocks. Une victoire pour PAZ :  nous esp\u00e9rons d\u00e9sormais convaincre d\u2019autres enseignes et le Gouvernement de l\u00e9gif\u00e9rer pour interdire la fabrication, l\u2019utilisation et la commercialisation de ces pi\u00e8ges extr\u00eamement cruels pour les animaux. <\/p>\n<p>    <strong>Association PAZ<\/strong>\n            <\/p><\/blockquote>\n<p>Vid\u00e9os : en ce moment sur Actu<\/p>\n<p class=\" wall-content\"><strong>Plusieurs p\u00e9titions contre les magasins E.Leclerc sont en cours<\/strong> en France, informe l\u2019association. Cela a notamment \u00e9t\u00e9 le cas, \u00e0 Meyzieu (Rh\u00f4ne), o\u00f9 la direction du magasin a retir\u00e9 les pi\u00e8ges \u00e0 colle depuis. En Bretagne, <a href=\"https:\/\/actu.fr\/bretagne\/saint-gregoire_35278\/pres-de-rennes-une-association-denonce-la-cruaute-extreme-d-un-article-vendu-dans-ce-supermarche-e-leclerc_62716732.html\" target=\"_blank\" rel=\"noopener\">des p\u00e9titions visent les E.Leclerc de Rennes-Cleunay et de Saint-Gr\u00e9goire<\/a>.<\/p>\n<p class=\" wall-content\">\n<p>Pourquoi cette mobilisation\u2009?<\/p>\n<p class=\" wall-content\">Si l\u2019association de d\u00e9fense des int\u00e9r\u00eats des animaux se mobilise, c\u2019est pour d\u00e9noncer la \u00ab\u2009<strong>cruaut\u00e9 extr\u00eame<\/strong> pour les animaux pi\u00e9g\u00e9s qui meurent de faim, de soif ou d\u2019\u00e9puisement dans leurs propres excr\u00e9ments apr\u00e8s de longues heures d\u2019agonie\u2009\u00bb, explique Amandine Sanvisens, cofondatrice de Paz.<\/p>\n<blockquote class=\"ac-article-quote wall-content\">\n<p>Certains se d\u00e9chirent la peau, rongent leurs propres membres ou se brisent les os en essayant de se d\u00e9coller. Les yeux et muqueuses des animaux peuvent \u00eatre pris dans la colle, entra\u00eenant une mort lente par \u00e9touffement. <\/p>\n<p>    <strong>Association PAZ<\/strong>\n            <\/p><\/blockquote>\n<p class=\" wall-content\">Ce que conteste \u00e9galement l\u2019association, c\u2019est l\u2019aspect<strong> non s\u00e9lectif<\/strong> des pi\u00e8ges \u00e0 colle, dont les victimes ne sont <strong>pas seulement les rongeurs,<\/strong> mais aussi des oiseaux ou encore des h\u00e9rissons, qui sont <strong>des esp\u00e8ces prot\u00e9g\u00e9es.<\/strong><\/p>\n<p class=\" wall-content\">Suivez toute l\u2019actualit\u00e9 de vos villes et m\u00e9dias favoris en vous inscrivant \u00e0 <a href=\"https:\/\/moncompte.actu.fr\" title=\"D\u00e9couvez Mon Actu\" rel=\"nofollow noopener\" data-trk=\"{&quot;cta&quot;:{&quot;action&quot;:&quot;https:\\\/\\\/moncompte.actu.fr&quot;,&quot;category&quot;:&quot;mon compte&quot;,&quot;from&quot;:&quot;article footer&quot;,&quot;name&quot;:&quot;Mon actu&quot;,&quot;type&quot;:&quot;cta&quot;}}\" target=\"_blank\">Mon Actu<\/a>.<\/p>\n","protected":false},"excerpt":{"rendered":"Par Cl\u00e9mence Pays Publi\u00e9 le 7 juin 2025 \u00e0 15h32 17\u2009250. C\u2019est le nombre de signatures recueillies depuis&hellip;\n","protected":false},"author":2,"featured_media":136180,"comment_status":"","ping_status":"","sticky":false,"template":"","format":"standard","meta":{"footnotes":""},"categories":[2818],"tags":[1111,11,1867,1777,674,1011,27,7755,6795,766,12,2636,25,104],"class_list":{"0":"post-158595","1":"post","2":"type-post","3":"status-publish","4":"format-standard","5":"has-post-thumbnail","7":"category-nantes","8":"tag-actu","9":"tag-actualites","10":"tag-animaux","11":"tag-eu","12":"tag-europe","13":"tag-fr","14":"tag-france","15":"tag-leclerc","16":"tag-maltraitance-animale","17":"tag-nantes","18":"tag-news","19":"tag-pays-de-la-loire","20":"tag-republique-francaise","21":"tag-societe"},"share_on_mastodon":{"url":"https:\/\/pubeurope.com\/@fr\/114642541964074479","error":""},"_links":{"self":[{"href":"https:\/\/www.europesays.com\/fr\/wp-json\/wp\/v2\/posts\/158595","targetHints":{"allow":["GET"]}}],"collection":[{"href":"https:\/\/www.europesays.com\/fr\/wp-json\/wp\/v2\/posts"}],"about":[{"href":"https:\/\/www.europesays.com\/fr\/wp-json\/wp\/v2\/types\/post"}],"author":[{"embeddable":true,"href":"https:\/\/www.europesays.com\/fr\/wp-json\/wp\/v2\/users\/2"}],"replies":[{"embeddable":true,"href":"https:\/\/www.europesays.com\/fr\/wp-json\/wp\/v2\/comments?post=158595"}],"version-history":[{"count":0,"href":"https:\/\/www.europesays.com\/fr\/wp-json\/wp\/v2\/posts\/158595\/revisions"}],"wp:featuredmedia":[{"embeddable":true,"href":"https:\/\/www.europesays.com\/fr\/wp-json\/wp\/v2\/media\/136180"}],"wp:attachment":[{"href":"https:\/\/www.europesays.com\/fr\/wp-json\/wp\/v2\/media?parent=158595"}],"wp:term":[{"taxonomy":"category","embeddable":true,"href":"https:\/\/www.europesays.com\/fr\/wp-json\/wp\/v2\/categories?post=158595"},{"taxonomy":"post_tag","embeddable":true,"href":"https:\/\/www.europesays.com\/fr\/wp-json\/wp\/v2\/tags?post=158595"}],"curies":[{"name":"wp","href":"https:\/\/api.w.org\/{rel}","templated":true}]}}