{"id":158600,"date":"2025-06-07T14:27:14","date_gmt":"2025-06-07T14:27:14","guid":{"rendered":"https:\/\/www.europesays.com\/fr\/158600\/"},"modified":"2025-06-07T14:27:14","modified_gmt":"2025-06-07T14:27:14","slug":"mercato-issam-ben-khemis-annonce-son-depart-des-girondins-de-bordeaux","status":"publish","type":"post","link":"https:\/\/www.europesays.com\/fr\/158600\/","title":{"rendered":"Mercato : Issam Ben Khemis annonce son d\u00e9part des Girondins de Bordeaux"},"content":{"rendered":"<p><img decoding=\"async\" src=\"https:\/\/www.europesays.com\/fr\/wp-content\/uploads\/2025\/06\/671_8f9690066dc895e3c5316b91d50919fc.jpg\" alt=\"Mercato : Issam Ben Khemis annonce son d\u00e9part des Girondins de Bordeaux\" class=\"img-responsive mt-3\"\/><\/p>\n<p class=\"text-center mb-3\" style=\"font-size: 14px\">\u00a9 Iconsport<\/p>\n<p style=\"text-align: justify;\">C&rsquo;est sur le r\u00e9seau social LinkedIn qu&rsquo;Issam Ben Khemis annonce son d\u00e9part des Girondins de Bordeaux, seulement une saison apr\u00e8s son arriv\u00e9e.<\/p>\n<p style=\"text-align: justify;\">Milieu de terrain technique dot\u00e9 d&rsquo;une belle vision du jeu, Ben Khemis arrivait en provenance d&rsquo;Angoul\u00eame. Il n&rsquo;a pas r\u00e9ussi \u00e0 s&rsquo;imposer dans le groupe de Burno Irl\u00e8s cette saison sur le long terme. Il a jou\u00e9 7 matchs de National 2, 16 matchs de National 3 et 3 matchs de Coupe de France pour un total de 26 rencontres cette saison, 5 buts et 2 passes d\u00e9cisives. Il faut rappeler qu&rsquo;il \u00e9tait arriv\u00e9 blesser lors de l\u2019\u00e9t\u00e9 2024.<\/p>\n<p style=\"text-align: justify;\">\u00c0 29 ans il quitte Bordeaux et jouera dans un nouveau club la saison prochaine.<\/p>\n<p style=\"text-align: justify;\">Voici son message :<\/p>\n<p style=\"text-align: justify;\"><img decoding=\"async\" src=\"https:\/\/www.europesays.com\/fr\/wp-content\/uploads\/2025\/06\/Capture d\u2019e\u0301cran 2025-06-07 a\u0300 13.57.35.png\" alt=\"Capture d\u2019e\u0301cran 2025-06-07 a\u0300 13.57.35.png (91 KB)\" style=\"width:700px;max-width:100%;\"\/><\/p>\n<p style=\"text-align: justify;\">\u00a0<\/p>\n<p style=\"text-align: justify;\">On ne connait pas encore sa nouvelle destination.<\/p>\n<p style=\"text-align: justify;\">N.P<\/p>\n<p>\u00c0 lire &gt;&gt; <strong><a href=\"https:\/\/www.webgirondins.com\/actualite-girondins-girondins-le-plan-de-gerard-lopez-leake-bruno-fievet-denonce-des-chiffres-grotesques-129282\" target=\"_blank\" rel=\"noopener nofollow\">Girondins : Le plan de G\u00e9rard Lopez leak\u00e9, Bruno Fievet d\u00e9nonce des \u00ab\u00a0chiffres grotesques\u00a0\u00bb<\/a><br \/><\/strong><\/p>\n<p>Notre podcast court \u00e0 \u00e9couter :<\/p>\n<p>\u00a0<\/p>\n<p>\u00a0<\/p>\n","protected":false},"excerpt":{"rendered":"\u00a9 Iconsport C&rsquo;est sur le r\u00e9seau social LinkedIn qu&rsquo;Issam Ben Khemis annonce son d\u00e9part des Girondins de Bordeaux,&hellip;\n","protected":false},"author":2,"featured_media":158601,"comment_status":"","ping_status":"","sticky":false,"template":"","format":"standard","meta":{"footnotes":""},"categories":[2817],"tags":[1111,11,2562,15200,1997,6950,5244,3985,4431,1777,674,1011,27,1987,28958,28959,18391,1434,12,2043,2219,28960,19080,25,2421,801],"class_list":{"0":"post-158600","1":"post","2":"type-post","3":"status-publish","4":"format-standard","5":"has-post-thumbnail","7":"category-bordeaux","8":"tag-actu","9":"tag-actualites","10":"tag-annonce","11":"tag-arrive","12":"tag-bordeaux","13":"tag-bordelais","14":"tag-club","15":"tag-depart","16":"tag-dernier","17":"tag-eu","18":"tag-europe","19":"tag-fr","20":"tag-france","21":"tag-girondins","22":"tag-issam","23":"tag-khemis","24":"tag-linkedin","25":"tag-mercato","26":"tag-news","27":"tag-nouvelle","28":"tag-nouvelle-aquitaine","29":"tag-officialise","30":"tag-quitte","31":"tag-republique-francaise","32":"tag-reseau","33":"tag-social"},"share_on_mastodon":{"url":"https:\/\/pubeurope.com\/@fr\/114642553719492944","error":""},"_links":{"self":[{"href":"https:\/\/www.europesays.com\/fr\/wp-json\/wp\/v2\/posts\/158600","targetHints":{"allow":["GET"]}}],"collection":[{"href":"https:\/\/www.europesays.com\/fr\/wp-json\/wp\/v2\/posts"}],"about":[{"href":"https:\/\/www.europesays.com\/fr\/wp-json\/wp\/v2\/types\/post"}],"author":[{"embeddable":true,"href":"https:\/\/www.europesays.com\/fr\/wp-json\/wp\/v2\/users\/2"}],"replies":[{"embeddable":true,"href":"https:\/\/www.europesays.com\/fr\/wp-json\/wp\/v2\/comments?post=158600"}],"version-history":[{"count":0,"href":"https:\/\/www.europesays.com\/fr\/wp-json\/wp\/v2\/posts\/158600\/revisions"}],"wp:featuredmedia":[{"embeddable":true,"href":"https:\/\/www.europesays.com\/fr\/wp-json\/wp\/v2\/media\/158601"}],"wp:attachment":[{"href":"https:\/\/www.europesays.com\/fr\/wp-json\/wp\/v2\/media?parent=158600"}],"wp:term":[{"taxonomy":"category","embeddable":true,"href":"https:\/\/www.europesays.com\/fr\/wp-json\/wp\/v2\/categories?post=158600"},{"taxonomy":"post_tag","embeddable":true,"href":"https:\/\/www.europesays.com\/fr\/wp-json\/wp\/v2\/tags?post=158600"}],"curies":[{"name":"wp","href":"https:\/\/api.w.org\/{rel}","templated":true}]}}