{"id":158606,"date":"2025-06-07T14:30:12","date_gmt":"2025-06-07T14:30:12","guid":{"rendered":"https:\/\/www.europesays.com\/fr\/158606\/"},"modified":"2025-06-07T14:30:12","modified_gmt":"2025-06-07T14:30:12","slug":"pres-de-lille-profitez-dune-soiree-glam-et-paillettes-en-bord-de-deule","status":"publish","type":"post","link":"https:\/\/www.europesays.com\/fr\/158606\/","title":{"rendered":"Pr\u00e8s de Lille. Profitez d&rsquo;une soir\u00e9e \u00ab\u00a0glam et paillettes\u00a0\u00bb en bord de De\u00fble"},"content":{"rendered":"<p>            Par<br \/>\n        <strong><br \/>\n            <a href=\"https:\/\/actu.fr\/auteur\/hervine-mahaud\" title=\"Consulter tous les articles de Hervine Mahaud\" target=\"_blank\" rel=\"noopener\">Hervine Mahaud<\/a><br \/>\n        <\/strong><\/p>\n<p>        Publi\u00e9 le<\/p>\n<p>            7 juin 2025 \u00e0 15h40        <\/p>\n<p>Envie de faire une pause beaut\u00e9, fun et paillett\u00e9es avant l\u2019\u00e9t\u00e9 ? Le jeudi 26 juin 2025, le <b>bar et restaurant asiatique<\/b> <b>Shii Foo Mii<\/b>, situ\u00e9 en <b>bord de De\u00fble<\/b> \u00e0 <b>Saint-Andr\u00e9-lez-Lille<\/b>\u00a0(Nord), accueille une <b>soir\u00e9e afterwork<\/b> baptis\u00e9e <b>So Glam Break<\/b>. Au programme : d\u00e9tente, cr\u00e9ativit\u00e9 et bonne humeur.<\/p>\n<p>Un afterwork \u00ab\u00a0glam et paillettes\u00a0\u00bb<\/p>\n<p class=\" wall-content\">L\u2019\u00e9v\u00e9nement se tiendra chez<a href=\"https:\/\/actu.fr\/hauts-de-france\/saint-andre-lez-lille_59527\/saint-andre-lez-lille-ladresse-qui-fait-voyager-shii-foo-mii-le-nouveau-bar-a-manger-asiatique_62203981.html\" target=\"_blank\" rel=\"noopener\"> Shii Foo Mii, un bar-resto o\u00f9 l\u2019on peut se d\u00e9lecter de street food asiatique<\/a> au bord de la De\u00fble.\u00a0<\/p>\n<p class=\" wall-content\">De 19h \u00e0 21h, les participantes pourront profiter de diverses animations :<\/p>\n<ul class=\" wall-content\">\n<li>vide-dressing<\/li>\n<li>ateliers cr\u00e9atifs<\/li>\n<li>march\u00e9 de cr\u00e9ateurs<\/li>\n<li>blindtest<\/li>\n<li>bar \u00e0 paillettes et tattoos \u00e9ph\u00e9m\u00e8res<\/li>\n<li>moment bien-\u00eatre avec des soins express et massages<\/li>\n<li>et bien d\u2019autres surprises<\/li>\n<\/ul>\n<p class=\" wall-content\">\u00ab\u00a0On vous attend pour briller et s\u2019amuser toutes et tous ensemble\u00a0\u00bb, annoncent les organisateurs.<\/p>\n<p>Vid\u00e9os : en ce moment sur Actu<\/p>\n<p class=\" wall-content\"><a href=\"https:\/\/www.instagram.com\/p\/DKRKZaCsmaX\/embed\" title=\"Ouvrir le lien sur Instagram\" target=\"_blank\" rel=\"noopener\">Visualiser le contenu sur Instagram<\/a><\/p>\n<p class=\" wall-content\">Pour participer \u00e0 cet \u00e9v\u00e9nement riche en animations, il faudra r\u00e9server sa place (20\u20ac, avec un cocktail offert). Les places \u00e9tant limit\u00e9es, il est conseill\u00e9 de r\u00e9server rapidement <a href=\"https:\/\/www.billetweb.fr\/so-glam-break\" target=\"_blank\" rel=\"noopener\">en cliquant ici<\/a>.<\/p>\n<p>Infos pratiques : jeudi 26 juin 2025 de 19h \u00e0 21h. Au\u00a0Shii Foo Mii, 8 rue George Sand \u00e0 Saint-Andr\u00e9-lez-Lille.<\/p>\n<p class=\" wall-content\">Suivez toute l\u2019actualit\u00e9 de vos villes et m\u00e9dias favoris en vous inscrivant \u00e0 <a href=\"https:\/\/moncompte.actu.fr\" title=\"D\u00e9couvez Mon Actu\" rel=\"nofollow noopener\" data-trk=\"{&quot;cta&quot;:{&quot;action&quot;:&quot;https:\\\/\\\/moncompte.actu.fr&quot;,&quot;category&quot;:&quot;mon compte&quot;,&quot;from&quot;:&quot;article footer&quot;,&quot;name&quot;:&quot;Mon actu&quot;,&quot;type&quot;:&quot;cta&quot;}}\" target=\"_blank\">Mon Actu<\/a>.<\/p>\n<p>                    <script async src=\"\/\/www.instagram.com\/embed.js\"><\/script><\/p>\n","protected":false},"excerpt":{"rendered":"Par Hervine Mahaud Publi\u00e9 le 7 juin 2025 \u00e0 15h40 Envie de faire une pause beaut\u00e9, fun et&hellip;\n","protected":false},"author":2,"featured_media":158607,"comment_status":"","ping_status":"","sticky":false,"template":"","format":"standard","meta":{"footnotes":""},"categories":[2815],"tags":[1111,11,4983,1777,674,1011,27,811,1307,1652,12,25],"class_list":{"0":"post-158606","1":"post","2":"type-post","3":"status-publish","4":"format-standard","5":"has-post-thumbnail","7":"category-lille","8":"tag-actu","9":"tag-actualites","10":"tag-bien-etre","11":"tag-eu","12":"tag-europe","13":"tag-fr","14":"tag-france","15":"tag-hauts-de-france","16":"tag-lille","17":"tag-loisirs-culture","18":"tag-news","19":"tag-republique-francaise"},"share_on_mastodon":{"url":"https:\/\/pubeurope.com\/@fr\/114642565734333565","error":""},"_links":{"self":[{"href":"https:\/\/www.europesays.com\/fr\/wp-json\/wp\/v2\/posts\/158606","targetHints":{"allow":["GET"]}}],"collection":[{"href":"https:\/\/www.europesays.com\/fr\/wp-json\/wp\/v2\/posts"}],"about":[{"href":"https:\/\/www.europesays.com\/fr\/wp-json\/wp\/v2\/types\/post"}],"author":[{"embeddable":true,"href":"https:\/\/www.europesays.com\/fr\/wp-json\/wp\/v2\/users\/2"}],"replies":[{"embeddable":true,"href":"https:\/\/www.europesays.com\/fr\/wp-json\/wp\/v2\/comments?post=158606"}],"version-history":[{"count":0,"href":"https:\/\/www.europesays.com\/fr\/wp-json\/wp\/v2\/posts\/158606\/revisions"}],"wp:featuredmedia":[{"embeddable":true,"href":"https:\/\/www.europesays.com\/fr\/wp-json\/wp\/v2\/media\/158607"}],"wp:attachment":[{"href":"https:\/\/www.europesays.com\/fr\/wp-json\/wp\/v2\/media?parent=158606"}],"wp:term":[{"taxonomy":"category","embeddable":true,"href":"https:\/\/www.europesays.com\/fr\/wp-json\/wp\/v2\/categories?post=158606"},{"taxonomy":"post_tag","embeddable":true,"href":"https:\/\/www.europesays.com\/fr\/wp-json\/wp\/v2\/tags?post=158606"}],"curies":[{"name":"wp","href":"https:\/\/api.w.org\/{rel}","templated":true}]}}