{"id":158608,"date":"2025-06-07T14:31:20","date_gmt":"2025-06-07T14:31:20","guid":{"rendered":"https:\/\/www.europesays.com\/fr\/158608\/"},"modified":"2025-06-07T14:31:20","modified_gmt":"2025-06-07T14:31:20","slug":"depuis-lille-envolez-vous-pour-cette-destination-ensoleillee","status":"publish","type":"post","link":"https:\/\/www.europesays.com\/fr\/158608\/","title":{"rendered":"depuis Lille, envolez-vous pour cette destination ensoleill\u00e9e"},"content":{"rendered":"<p>            Par<br \/>\n        <strong><br \/>\n            <a href=\"https:\/\/actu.fr\/auteur\/margot-nicodeme\" title=\"Consulter tous les articles de Margot Nicod\u00e8me\" rel=\"nofollow noopener\" target=\"_blank\">Margot Nicod\u00e8me<\/a><br \/>\n        <\/strong><\/p>\n<p>        Publi\u00e9 le<\/p>\n<p>            7 juin 2025 \u00e0 7h44        <\/p>\n<p>L\u2019accent est l\u00e9g\u00e8rement chantant, la passion pour son territoire totale : Catherine Sciberras, directrice du p\u00f4le attractivit\u00e9 du <b>d\u00e9partement de l\u2019Aveyron<\/b>, est venue pr\u00e9senter \u00e0 <a href=\"https:\/\/actu.fr\/hauts-de-france\/lille_59350\" rel=\"nofollow noopener\" target=\"_blank\">Lille<\/a> tous les atouts de <a href=\"https:\/\/actu.fr\/occitanie\/rodez_12202\" rel=\"nofollow noopener\" target=\"_blank\"><b>Rodez<\/b><\/a>. Le vol pour cette <b>nouvelle destination<\/b> au d\u00e9part de<b> l\u2019a\u00e9roport de Lesquin <\/b>a fait le plein au cours du week-end de l\u2019Ascension. Et pour cause : non seulement il y a \u00ab\u00a0une diaspora\u00a0\u00bb compos\u00e9e d\u2019habitants des Hauts-de-France dans cette r\u00e9gion <a href=\"https:\/\/actu.fr\/occitanie\/\" rel=\"nofollow noopener\" target=\"_blank\">d\u2019Occitanie<\/a>, mais d\u00e9sormais, elle n\u2019est plus<b> qu\u2019\u00e0 1h30 de vol <\/b>d\u2019eux, et de tous ceux qui voudront la d\u00e9couvrir. <a href=\"https:\/\/actu.fr\/hauts-de-france\/lille_59350\/aeroport-de-lille-volotea-propose-une-nouvelle-ligne-vers-une-destination-hyper-ensoleillee_62331644.html\" rel=\"nofollow noopener\" target=\"_blank\">Inaugur\u00e9e le 2 mai 2025<\/a>, la ligne ouverte par <a href=\"https:\/\/actu.fr\/hauts-de-france\/lille_59350\/volotea-ouvre-une-ligne-depuis-laeroport-de-lille-vers-un-village-baigne-de-soleil-et-charge-dhistoire_61855272.html\" rel=\"nofollow noopener\" target=\"_blank\">Volotea<\/a> est la promesse de \u00ab\u00a0vacances nature\u00a0\u00bb, avec <b>l\u2019ensoleillement typique du Sud<\/b>, une <b>gastronomie qui se partage dans la convivialit\u00e9<\/b>, et de <b>vir\u00e9es culturelles et sportives<\/b> m\u00e9morables. Tour d\u2019horizon de tout ce que la ville et ses alentours ont \u00e0 offrir.<\/p>\n<p class=\" wall-content\"><a href=\"https:\/\/www.instagram.com\/p\/DJSGfcXh0gr\/embed\" title=\"Ouvrir le lien sur Instagram\" rel=\"nofollow noopener\" target=\"_blank\">Visualiser le contenu sur Instagram<\/a><\/p>\n<p>Sport au grand air et m\u00eame taux d\u2019ensoleillement qu\u2019\u00e0 Toulouse : d\u00e9couvrez Rodez, \u00e0 1h30 de Lille<\/p>\n<p class=\" wall-content\">Rodez se situe au c\u0153ur de l\u2019Aveyron, \u00ab\u00a05e plus grand d\u00e9partement de France\u00a0\u00bb. Elle est \u00e0 \u00e9quidistance de Toulouse et de Montpellier, \u00e0 1h30 au nord de chacune, et s\u2019impose comme \u00ab\u00a0<b>une tr\u00e8s belle destination de tourisme vert<\/b>\u00ab\u00a0, \u00e9nonce Catherine Sciberras.<\/p>\n<p class=\" wall-content\">C\u2019est d\u2019ailleurs l\u2019argument principal \u00e0 exposer aux Lillois d\u00e9sireux de souffler loin de la ville : la nature autour de Rodez est luxuriante, avec des sentiers qui feront le bonheur des marcheurs et randonneurs de tous niveaux. D\u2019ailleurs, \u00ab\u00a0un GR62 a \u00e9t\u00e9 inaugur\u00e9 l\u2019ann\u00e9e derni\u00e8re, reliant Rodez \u00e0 Conques\u00a0\u00bb. Le <b>festival des Templiers<\/b> en octobre 2025, avec<b> son mythique trail \u00e0 Millau<\/b>, ne manquera pas non plus d\u2019attirer au-del\u00e0 des fronti\u00e8res r\u00e9gionales.<\/p>\n<p class=\" wall-content\"><a href=\"https:\/\/www.instagram.com\/p\/DHEbbd2stwL\/embed\" title=\"Ouvrir le lien sur Instagram\" rel=\"nofollow noopener\" target=\"_blank\">Visualiser le contenu sur Instagram<\/a><\/p>\n<p class=\" wall-content\"><a href=\"https:\/\/www.instagram.com\/p\/DE5NvGKNC6Y\/embed\" title=\"Ouvrir le lien sur Instagram\" rel=\"nofollow noopener\" target=\"_blank\">Visualiser le contenu sur Instagram<\/a><\/p>\n<p class=\" wall-content\">La ligne vers Rodez conna\u00eetra alors \u00e0 ce moment ses derniers jours d\u2019activit\u00e9. Gilles Gosselin, responsable France de Volotea, explique que la liaison depuis Lille court jusqu\u2019au 2 novembre, \u00ab\u00a0mais si on peut l\u2019annualiser, on l\u2019annualisera\u00a0\u00bb, promet-il. Selon le succ\u00e8s rencontr\u00e9 ces cinq prochains mois.<\/p>\n<p class=\" wall-content\"><a href=\"https:\/\/www.instagram.com\/p\/C_AcP4CpRYy\/embed\" title=\"Ouvrir le lien sur Instagram\" rel=\"nofollow noopener\" target=\"_blank\">Visualiser le contenu sur Instagram<\/a><\/p>\n<p>Deux trajets par semaine vers l\u2019Aveyron depuis l\u2019a\u00e9roport de Lille-Lesquin<\/p>\n<p class=\" wall-content\">Au-del\u00e0 de la dimension sportive, Rodez offre \u00ab\u00a0un taux d\u2019ensoleillement \u00e9quivalent \u00e0 celui de Toulouse\u00a0\u00bb, poursuit Catherine Sciberras, et un cadre pittoresque. Avec sa <b>cath\u00e9drale gothique en gr\u00e8s rose<\/b>, ses <b>deux grands march\u00e9s<\/b> faisant la part belle aux produits locaux, et <a href=\"https:\/\/actu.fr\/occitanie\/rodez_12202\/le-musee-soulages-de-rodez-annonce-une-exposition-dediee-a-agnes-varda_62436710.html\" rel=\"nofollow noopener\" target=\"_blank\">son<b> mus\u00e9e Soulages<\/b><\/a>, l\u2019exp\u00e9dition en famille ou entre amis s\u2019annonce riche et diversifi\u00e9e.\u00a0<\/p>\n<p class=\" wall-content\"><a href=\"https:\/\/www.instagram.com\/p\/DIQmiCrKWz3\/embed\" title=\"Ouvrir le lien sur Instagram\" rel=\"nofollow noopener\" target=\"_blank\">Visualiser le contenu sur Instagram<\/a><\/p>\n<p class=\" wall-content\">Des circuits s\u2019organisent tr\u00e8s facilement pour visiter les <b>caves de roquefort<\/b>, les 11 villages class\u00e9s parmi les plus beaux de France, ou encore l\u2019Aubrac, ce plateau volcanique au relief \u00e0 couper le souffle. C\u2019est l\u00e0-bas que sont fabriqu\u00e9s<b> les couteaux Laguiole<\/b>, parfaits pour couper net dans la tendre composition fromag\u00e8re de<b> l\u2019aligot, sp\u00e9cialit\u00e9 culinaire incontournable<\/b>.<\/p>\n<p class=\" wall-content\">Les amateurs d\u2019artisanat pourront encore se laisser tenter par la d\u00e9couverte de c\u00e9l\u00e8bres ganteries, dont une produit pour la maison Chanel. Enfin, l\u2019absence de la mer est largement compens\u00e9e par l\u2019ensemble de lieux de baignade que sont les gorges et les lacs environnants.\u00a0<\/p>\n<p class=\" wall-content\"><a href=\"https:\/\/www.instagram.com\/p\/DJuRF42B-ZP\/embed\" title=\"Ouvrir le lien sur Instagram\" rel=\"nofollow noopener\" target=\"_blank\">Visualiser le contenu sur Instagram<\/a><\/p>\n<p class=\" wall-content\">D\u00e9but juin, l\u2019escapade jusqu\u2019\u00e0 Rodez depuis l\u2019a\u00e9roport de Lille se monnaie 113 \u20ac. Deux trajets par semaine sont effectu\u00e9s : l\u2019aller les vendredis \u00e0 15h40 et le retour les dimanches \u00e0 13h40. Gilles Gosselin l\u2019assure, \u00ab\u00a0ce sont les vacances nature par excellence \u00e0 moins de 2 h de vol\u00a0\u00bb.<\/p>\n<p>Toutes les infos sur la liaison vers Rodez sont \u00e0 retrouver sur <a href=\"https:\/\/www.lille.aeroport.fr\/fiche-destination\/FR\/275\/rodez\/\" rel=\"nofollow noopener\" target=\"_blank\">le site de l\u2019a\u00e9roport de Lille-Lesquin<\/a>.<\/p>\n<p class=\" wall-content\">Suivez toute l\u2019actualit\u00e9 de vos villes et m\u00e9dias favoris en vous inscrivant \u00e0 <a href=\"https:\/\/moncompte.actu.fr\" title=\"D\u00e9couvez Mon Actu\" rel=\"nofollow noopener\" data-trk=\"{&quot;cta&quot;:{&quot;action&quot;:&quot;https:\\\/\\\/moncompte.actu.fr&quot;,&quot;category&quot;:&quot;mon compte&quot;,&quot;from&quot;:&quot;article footer&quot;,&quot;name&quot;:&quot;Mon actu&quot;,&quot;type&quot;:&quot;cta&quot;}}\" target=\"_blank\">Mon Actu<\/a>.<\/p>\n<p>                    <script async src=\"\/\/www.instagram.com\/embed.js\"><\/script><\/p>\n","protected":false},"excerpt":{"rendered":"Par Margot Nicod\u00e8me Publi\u00e9 le 7 juin 2025 \u00e0 7h44 L\u2019accent est l\u00e9g\u00e8rement chantant, la passion pour son&hellip;\n","protected":false},"author":2,"featured_media":158609,"comment_status":"","ping_status":"","sticky":false,"template":"","format":"standard","meta":{"footnotes":""},"categories":[2815],"tags":[1111,11,1777,674,1011,27,811,1305,1307,12,25,602,586],"class_list":{"0":"post-158608","1":"post","2":"type-post","3":"status-publish","4":"format-standard","5":"has-post-thumbnail","7":"category-lille","8":"tag-actu","9":"tag-actualites","10":"tag-eu","11":"tag-europe","12":"tag-fr","13":"tag-france","14":"tag-hauts-de-france","15":"tag-lifestyle","16":"tag-lille","17":"tag-news","18":"tag-republique-francaise","19":"tag-tourisme","20":"tag-voyage"},"share_on_mastodon":{"url":"https:\/\/pubeurope.com\/@fr\/114642569557134154","error":""},"_links":{"self":[{"href":"https:\/\/www.europesays.com\/fr\/wp-json\/wp\/v2\/posts\/158608","targetHints":{"allow":["GET"]}}],"collection":[{"href":"https:\/\/www.europesays.com\/fr\/wp-json\/wp\/v2\/posts"}],"about":[{"href":"https:\/\/www.europesays.com\/fr\/wp-json\/wp\/v2\/types\/post"}],"author":[{"embeddable":true,"href":"https:\/\/www.europesays.com\/fr\/wp-json\/wp\/v2\/users\/2"}],"replies":[{"embeddable":true,"href":"https:\/\/www.europesays.com\/fr\/wp-json\/wp\/v2\/comments?post=158608"}],"version-history":[{"count":0,"href":"https:\/\/www.europesays.com\/fr\/wp-json\/wp\/v2\/posts\/158608\/revisions"}],"wp:featuredmedia":[{"embeddable":true,"href":"https:\/\/www.europesays.com\/fr\/wp-json\/wp\/v2\/media\/158609"}],"wp:attachment":[{"href":"https:\/\/www.europesays.com\/fr\/wp-json\/wp\/v2\/media?parent=158608"}],"wp:term":[{"taxonomy":"category","embeddable":true,"href":"https:\/\/www.europesays.com\/fr\/wp-json\/wp\/v2\/categories?post=158608"},{"taxonomy":"post_tag","embeddable":true,"href":"https:\/\/www.europesays.com\/fr\/wp-json\/wp\/v2\/tags?post=158608"}],"curies":[{"name":"wp","href":"https:\/\/api.w.org\/{rel}","templated":true}]}}