{"id":158612,"date":"2025-06-07T14:33:14","date_gmt":"2025-06-07T14:33:14","guid":{"rendered":"https:\/\/www.europesays.com\/fr\/158612\/"},"modified":"2025-06-07T14:33:14","modified_gmt":"2025-06-07T14:33:14","slug":"faute-daire-disponible-une-centaine-de-caravanes-des-gens-du-voyage-sinstalle-sur-un-stade-a-marseille","status":"publish","type":"post","link":"https:\/\/www.europesays.com\/fr\/158612\/","title":{"rendered":"Faute d&rsquo;aire disponible, une centaine de caravanes des gens du voyage s&rsquo;installe sur un stade \u00e0 Marseille"},"content":{"rendered":"<p>Klaxons et voitures en pagaille. Si la sardine a bouch\u00e9 le port de Marseille, ce samedi 7 juin, ce sont les caravanes qui ont bloqu\u00e9 le centre-ville de <a href=\"https:\/\/www.laprovence.com\/bouches-du-rhone\/la-penne-sur-huveaune-13070\" target=\"_blank\" rel=\"noopener\">La Penne-sur-Huveaune<\/a>.<\/p>\n<p>\u00c0 la mi-journ\u00e9e, aux alentours de midi, un large convoi d&rsquo;une centaine de v\u00e9hicules de gens du voyage est entr\u00e9 dans le village apr\u00e8s avoir entra\u00een\u00e9 de forts ralentissements <a href=\"https:\/\/www.laprovence.com\/article\/region\/68044020499987\/travaux-sur-lautoroute-a50-une-portion-fermee-de-mars-a-juillet-entre-aubagne-et-marseille-la-l2-sera-impactee\" target=\"_blank\" rel=\"noopener\">sur l&rsquo;autoroute A50<\/a> en ce week-end prolong\u00e9. Un temps attendu au <a href=\"https:\/\/www.laprovence.com\/article\/sports\/3876667\/les-pennoise-impuissante.html\" target=\"_blank\" rel=\"noopener\">complexe sportif Germain-Camoin<\/a>, c&rsquo;est finalement du c\u00f4t\u00e9 du 11e arrondissement marseillais, sur le stade du Mouton, que le convoi issu de la communaut\u00e9 \u00e9vang\u00e9lique s&rsquo;est install\u00e9.<\/p>\n<p>\u00ab\u00a0On n&rsquo;a rien contre eux, ce sont des travailleurs. Mais chaque ann\u00e9e on bloque les acc\u00e8s au stade, on est une petite commune, donc financi\u00e8rement on ne peut pas s&rsquo;en remettre s&rsquo;ils s&rsquo;installent\u00a0\u00bb, explique <a href=\"https:\/\/www.laprovence.com\/article\/politique\/25037220049874\/conseil-municipal-de-la-penne-sur-huveaune-un-budget-vote-en-l-absence-du-maire\" target=\"_blank\" rel=\"noopener\">Mohamed Mebrouk<\/a>, 2e adjoint de la Penne. La commune avait anticip\u00e9 leur venue et bloqu\u00e9 les acc\u00e8s au stade pennois, redirigeant le convoi de 90 foyers c\u00f4t\u00e9 marseillais.<\/p>\n<p>\u00ab\u00a0On n&rsquo;a pas d&rsquo;autre choix\u00a0\u00bb<\/p>\n<p>Pendant plus de deux heures, les voitures n&rsquo;ont cess\u00e9 d&rsquo;affluer une \u00e0 une sur deux des trois terrains de rugby voisins. \u00ab\u00a0Si on est l\u00e0 c&rsquo;est qu&rsquo;on n&rsquo;a pas d&rsquo;autre choix, la M\u00e9tropole ne respecte pas la <a href=\"https:\/\/www.laprovence.com\/article\/societe\/1638723052614715\/gens-du-voyage-les-travaux-de-l-aire-d-accueil-d-aubagne-peinent-a-se-lancer\" target=\"_blank\" rel=\"noopener\">construction obligatoire d&rsquo;aires d&rsquo;accueil<\/a>. Il n&rsquo;y a qu&rsquo;une seule aire de grand passage sur tout le d\u00e9partement, comment on est cens\u00e9s faire ?\u00a0\u00bb, s&rsquo;agace Josu\u00e9, l&rsquo;un des responsables de la communaut\u00e9 venue de Valence.<\/p>\n","protected":false},"excerpt":{"rendered":"Klaxons et voitures en pagaille. Si la sardine a bouch\u00e9 le port de Marseille, ce samedi 7 juin,&hellip;\n","protected":false},"author":2,"featured_media":158613,"comment_status":"","ping_status":"","sticky":false,"template":"","format":"standard","meta":{"footnotes":""},"categories":[2814],"tags":[17,1111,11,17669,10466,28963,154,17457,1777,674,28962,1011,27,884,12,882,16,25,96],"class_list":{"0":"post-158612","1":"post","2":"type-post","3":"status-publish","4":"format-standard","5":"has-post-thumbnail","7":"category-marseille","8":"tag-17","9":"tag-actu","10":"tag-actualites","11":"tag-caravanes","12":"tag-centaine","13":"tag-daire","14":"tag-des","15":"tag-disponible","16":"tag-eu","17":"tag-europe","18":"tag-faute","19":"tag-fr","20":"tag-france","21":"tag-marseille","22":"tag-news","23":"tag-provence-alpes-cote-dazur","24":"tag-region","25":"tag-republique-francaise","26":"tag-une"},"share_on_mastodon":{"url":"https:\/\/pubeurope.com\/@fr\/114642577356801289","error":""},"_links":{"self":[{"href":"https:\/\/www.europesays.com\/fr\/wp-json\/wp\/v2\/posts\/158612","targetHints":{"allow":["GET"]}}],"collection":[{"href":"https:\/\/www.europesays.com\/fr\/wp-json\/wp\/v2\/posts"}],"about":[{"href":"https:\/\/www.europesays.com\/fr\/wp-json\/wp\/v2\/types\/post"}],"author":[{"embeddable":true,"href":"https:\/\/www.europesays.com\/fr\/wp-json\/wp\/v2\/users\/2"}],"replies":[{"embeddable":true,"href":"https:\/\/www.europesays.com\/fr\/wp-json\/wp\/v2\/comments?post=158612"}],"version-history":[{"count":0,"href":"https:\/\/www.europesays.com\/fr\/wp-json\/wp\/v2\/posts\/158612\/revisions"}],"wp:featuredmedia":[{"embeddable":true,"href":"https:\/\/www.europesays.com\/fr\/wp-json\/wp\/v2\/media\/158613"}],"wp:attachment":[{"href":"https:\/\/www.europesays.com\/fr\/wp-json\/wp\/v2\/media?parent=158612"}],"wp:term":[{"taxonomy":"category","embeddable":true,"href":"https:\/\/www.europesays.com\/fr\/wp-json\/wp\/v2\/categories?post=158612"},{"taxonomy":"post_tag","embeddable":true,"href":"https:\/\/www.europesays.com\/fr\/wp-json\/wp\/v2\/tags?post=158612"}],"curies":[{"name":"wp","href":"https:\/\/api.w.org\/{rel}","templated":true}]}}