{"id":158616,"date":"2025-06-07T14:35:15","date_gmt":"2025-06-07T14:35:15","guid":{"rendered":"https:\/\/www.europesays.com\/fr\/158616\/"},"modified":"2025-06-07T14:35:15","modified_gmt":"2025-06-07T14:35:15","slug":"50-ans-apres-il-realise-les-abus-quil-a-subis-au-college-saint-louis-de-la-guillotiere","status":"publish","type":"post","link":"https:\/\/www.europesays.com\/fr\/158616\/","title":{"rendered":"50 ans apr\u00e8s, il r\u00e9alise les abus qu\u2019il a subis au coll\u00e8ge Saint-Louis-de-la-Guilloti\u00e8re"},"content":{"rendered":"<p>Apr\u00e8s les r\u00e9v\u00e9lations sur des violences sexuelles et\/ou physiques au <a href=\"https:\/\/www.leprogres.fr\/faits-divers-justice\/2025\/04\/29\/avec-sous-article-les-lecons-particulieres-de-l-ancien-prof-de-saint-thomas-d-aquin\" target=\"_blank\" rel=\"noopener\">lyc\u00e9e Saint-Thomas-d\u2019Aquin<\/a> \u00e0 Oullins (dans les ann\u00e9es 90 \u00e0 2000) et au <a href=\"https:\/\/www.leprogres.fr\/faits-divers-justice\/2025\/03\/28\/le-dimanche-soir-le-pion-venait-en-chercher-un-dans-le-dortoir-interne-a-saint-louis-en-1973-il-denonce-des-viols-50-ans-apres\" target=\"_blank\" rel=\"noopener\">coll\u00e8ge Saint-Louis-Saint-Bruno<\/a> \u00e0 Lyon 4e  (dans les ann\u00e9es 50 \u00e0 70), c\u2019est une nouvelle institution catholique lyonnaise qui est point\u00e9e par un ancien \u00e9l\u00e8ve.<\/p>\n<p>\u00ab Je r\u00e9alise aujourd\u2019hui que je n\u2019\u00e9tais pas consentant et que j\u2019ai \u00e9t\u00e9 abus\u00e9 \u00bb<\/p>\n<p>Comme chez d\u2019autres victimes, c\u2019est <a href=\"https:\/\/www.leprogres.fr\/faits-divers-justice\/2025\/04\/22\/je-suis-restee-trente-ans-dans-le-silence-la-fille-de-francois-bayrou-elle-aussi-victime\" target=\"_blank\" rel=\"noopener\">l\u2019affaire b\u00e9arnaise<\/a> qui a \u00e9t\u00e9 un r\u00e9v\u00e9lateur pour Marc (1), 61 ans. \u00ab\u00a0J\u2019ai re\u00e7u B\u00e9tharram en pleine gueule\u00a0\u00bb, nous confie-t-il depuis sa maison dans les monts du Lyonnais. Retrait\u00e9, il vit ici, avec son compagnon et ses chiens, en pleine campagne, loin du coll\u00e8ge Saint-Louis&#8230;<\/p>\n","protected":false},"excerpt":{"rendered":"Apr\u00e8s les r\u00e9v\u00e9lations sur des violences sexuelles et\/ou physiques au lyc\u00e9e Saint-Thomas-d\u2019Aquin \u00e0 Oullins (dans les ann\u00e9es 90&hellip;\n","protected":false},"author":2,"featured_media":158617,"comment_status":"","ping_status":"","sticky":false,"template":"","format":"standard","meta":{"footnotes":""},"categories":[1889],"tags":[1111,11,2430,271,272,2757,1777,674,274,107,1011,27,2428,2756,12,25,2429,4604,3151],"class_list":{"0":"post-158616","1":"post","2":"type-post","3":"status-publish","4":"format-standard","5":"has-post-thumbnail","7":"category-lyon","8":"tag-actu","9":"tag-actualites","10":"tag-auvergne-rhone-alpes","11":"tag-crime","12":"tag-delit-et-contravention","13":"tag-edition-lyon-villeurbanne","14":"tag-eu","15":"tag-europe","16":"tag-faits-divers-justice","17":"tag-fil-info","18":"tag-fr","19":"tag-france","20":"tag-lyon","21":"tag-lyon-bassin","22":"tag-news","23":"tag-republique-francaise","24":"tag-rhone","25":"tag-selection-abonne","26":"tag-selection-de-la-redaction-69"},"share_on_mastodon":{"url":"https:\/\/pubeurope.com\/@fr\/114642585085809907","error":""},"_links":{"self":[{"href":"https:\/\/www.europesays.com\/fr\/wp-json\/wp\/v2\/posts\/158616","targetHints":{"allow":["GET"]}}],"collection":[{"href":"https:\/\/www.europesays.com\/fr\/wp-json\/wp\/v2\/posts"}],"about":[{"href":"https:\/\/www.europesays.com\/fr\/wp-json\/wp\/v2\/types\/post"}],"author":[{"embeddable":true,"href":"https:\/\/www.europesays.com\/fr\/wp-json\/wp\/v2\/users\/2"}],"replies":[{"embeddable":true,"href":"https:\/\/www.europesays.com\/fr\/wp-json\/wp\/v2\/comments?post=158616"}],"version-history":[{"count":0,"href":"https:\/\/www.europesays.com\/fr\/wp-json\/wp\/v2\/posts\/158616\/revisions"}],"wp:featuredmedia":[{"embeddable":true,"href":"https:\/\/www.europesays.com\/fr\/wp-json\/wp\/v2\/media\/158617"}],"wp:attachment":[{"href":"https:\/\/www.europesays.com\/fr\/wp-json\/wp\/v2\/media?parent=158616"}],"wp:term":[{"taxonomy":"category","embeddable":true,"href":"https:\/\/www.europesays.com\/fr\/wp-json\/wp\/v2\/categories?post=158616"},{"taxonomy":"post_tag","embeddable":true,"href":"https:\/\/www.europesays.com\/fr\/wp-json\/wp\/v2\/tags?post=158616"}],"curies":[{"name":"wp","href":"https:\/\/api.w.org\/{rel}","templated":true}]}}