{"id":158620,"date":"2025-06-07T14:38:12","date_gmt":"2025-06-07T14:38:12","guid":{"rendered":"https:\/\/www.europesays.com\/fr\/158620\/"},"modified":"2025-06-07T14:38:12","modified_gmt":"2025-06-07T14:38:12","slug":"limmense-pelerinage-de-jeunes-traditionalistes-est-parti-de-paris-vers-chartres","status":"publish","type":"post","link":"https:\/\/www.europesays.com\/fr\/158620\/","title":{"rendered":"l&rsquo;immense p\u00e8lerinage de jeunes traditionalistes est parti de Paris vers Chartres"},"content":{"rendered":"<p>            Par<br \/>\n        <strong><br \/>\n            <a href=\"https:\/\/actu.fr\/auteur\/redaction-paris\" title=\"Consulter tous les articles de R\u00e9daction Paris\" rel=\"nofollow noopener\" target=\"_blank\">R\u00e9daction Paris<\/a><br \/>\n        <\/strong><\/p>\n<p>        Publi\u00e9 le<\/p>\n<p>            7 juin 2025 \u00e0 15h27        <\/p>\n<p>Si l\u2019expression religieuse se r\u00e9v\u00e8le att\u00e9nu\u00e9e en quantit\u00e9, elle s\u2019accentue chez certaines personnes, notamment parmi les <a href=\"https:\/\/actu.fr\/ile-de-france\/boulogne-billancourt_92012\/hauts-de-seine-j-ai-recu-un-signe-de-dieu-a-25-ans-lea-va-etre-baptisee-a-la-messe-de-paques_62518838.html\" rel=\"nofollow noopener\" target=\"_blank\">jeunes<\/a>. En t\u00e9moigne la <strong>marche<\/strong> entam\u00e9e ce samedi 7\u00a0juin depuis l\u2019\u00e9glise Saint-Sulpice, dans le 6e arrondissement de Paris, par des <strong>milliers de personnes<\/strong>, comme le rapporte l\u2019Agence France-Presse (AFP). Ces p\u00e8lerins participent au plus grand rassemblement de catholiques <a href=\"https:\/\/actu.fr\/societe\/enquete-fraternite-saint-pie-x-comment-ces-cathos-traditionalistes-tentent-d-evangeliser-la-france_60763371.html\" rel=\"nofollow noopener\" target=\"_blank\">traditionalistes<\/a> de France, \u00e0 l\u2019occasion de la <a href=\"https:\/\/actu.fr\/ile-de-france\/paris_75056\/bison-fute-voit-rouge-pour-la-pentecote-comment-eviter-les-bouchons-a-paris-et-en-ile-de-france_62728218.html\" rel=\"nofollow noopener\" target=\"_blank\">Pentec\u00f4te<\/a>.<\/p>\n<p>Une vision de la religion contest\u00e9e<\/p>\n<p class=\" wall-content\">Cette ann\u00e9e, l\u2019\u00e9v\u00e9nement r\u00e9unit <strong>19\u2009000 fid\u00e8les<\/strong>, un record, avec une moyenne d\u2019\u00e2ge de <strong>24\u00a0ans<\/strong>, selon les organisateurs. Des messes en latin aux chants, en passant par les pri\u00e8res, les trois jours seront rythm\u00e9s par une liturgie traditionaliste contest\u00e9e par l\u2019\u00e9piscopat fran\u00e7ais. En mars\u00a02025, le pr\u00e9sident de la Conf\u00e9rence des \u00e9v\u00eaques de France (CEF), <strong>Eric de Moulins-Beaufort<\/strong>, avait ainsi d\u00e9plor\u00e9 au <a href=\"https:\/\/www.lepelerin.com\/religions-et-spiritualites\/lactualite-de-leglise\/mgr-de-moulins-beaufort-laccueil-des-catechumenes-renouvelle-notre-eglise-11429\" rel=\"nofollow noopener\" target=\"_blank\">P\u00e8lerin <\/a>que les organisateurs du p\u00e8lerinage \u00ab\u2009se durcissent\u2009\u00bb dans \u00ab\u2009une compr\u00e9hension de la Tradition qui finit par \u00eatre fausse\u2009\u00bb.<\/p>\n<p class=\" wall-content\">Malgr\u00e9 ces querelles, les jeunes semblent de plus en plus <strong>s\u00e9duits<\/strong>. \u00ab\u2009C\u2019est super, cela donne aussi un \u00e9lan \u00e0 la jeunesse catholique\u2009\u00bb, a affirm\u00e9 \u00e0 l\u2019AFP Solenn Duchelas, 18\u00a0ans, qui transporte dans son sac chapelet, K-way, gourde et nourriture \u2013 car \u00ab\u2009il faut tenir, c\u2019est surtout le premier jour qui est difficile, avec 40 kilom\u00e8tres\u2009\u00bb. Au total, 100 kilom\u00e8tres sont pr\u00e9vus. Une \u00e9preuve sportive qui n\u2019effraie pas d\u2019aucuns, particuli\u00e8rement attir\u00e9s par l\u2019usage du <strong>latin<\/strong>.<\/p>\n<p class=\" wall-content\">\u00ab\u2009Le Latin am\u00e8ne un c\u00f4t\u00e9 plus sacr\u00e9\u2009\u00bb, affirme Victor, 23 ans. \u00ab\u2009Tout le monde comprend, c\u2019est universel\u2009\u00bb, ajoute sa voisine Alice, 21 ans. \u00ab\u2009C\u2019est notre premi\u00e8re messe en latin, on va d\u00e9couvrir tout \u00e7a avec mon grand fr\u00e8re\u2009!\u2009\u00bb se r\u00e9jouit Foulques de Gastines, 22 ans. Pour Philippe Daranti\u00e8re, pr\u00e9sident de l\u2019association organisatrice Notre-Dame de Chr\u00e9tient\u00e9, les participants viennent trouver \u00ab\u2009ce que le monde ne leur offre plus\u2009\u00bb, avec \u00ab<strong>\u2009une foi exprim\u00e9e d\u2019une fa\u00e7on claire, sans compromis<\/strong>\u2009\u00bb.<\/p>\n<p>Hausse des bapt\u00eames<\/p>\n<p class=\" wall-content\">Interrog\u00e9 par l\u2019AFP, l\u2019\u00e9v\u00eaque du dioc\u00e8se de Nanterre Matthieu Roug\u00e9 estime qu\u2019il s\u2019agit de \u00ab\u2009l\u2019une des expressions, mais pas la seule, du <strong>catholicisme d\u2019adh\u00e9sion<\/strong> que nous voyons grandir face \u00e0 l\u2019effacement du catholicisme sociologique\u2009\u00bb. Un constat corrobor\u00e9 par une \u00e9tude de la CEF <a href=\"https:\/\/catechese.catholique.fr\/actualites-initiatives\/actualites\/337217-enquete-du-catechumenat-qui-sont-les-adultes-baptises-a-paques-en-2024-2\/\" rel=\"nofollow noopener\" target=\"_blank\">publi\u00e9e<\/a> avant P\u00e2ques, qui notait une augmentation de 45\u2009% des bapt\u00eames chez les adultes par rapport \u00e0 2024, et de 33\u2009% chez les adolescents.<\/p>\n<p>Vid\u00e9os : en ce moment sur Actu<\/p>\n<p class=\" wall-content\"><strong>Avec AFP<\/strong><\/p>\n<p class=\" wall-content\">Suivez toute l\u2019actualit\u00e9 de vos villes et m\u00e9dias favoris en vous inscrivant \u00e0 <a href=\"https:\/\/moncompte.actu.fr\" title=\"D\u00e9couvez Mon Actu\" rel=\"nofollow noopener\" data-trk=\"{&quot;cta&quot;:{&quot;action&quot;:&quot;https:\\\/\\\/moncompte.actu.fr&quot;,&quot;category&quot;:&quot;mon compte&quot;,&quot;from&quot;:&quot;article footer&quot;,&quot;name&quot;:&quot;Mon actu&quot;,&quot;type&quot;:&quot;cta&quot;}}\" target=\"_blank\">Mon Actu<\/a>.<\/p>\n","protected":false},"excerpt":{"rendered":"Par R\u00e9daction Paris Publi\u00e9 le 7 juin 2025 \u00e0 15h27 Si l\u2019expression religieuse se r\u00e9v\u00e8le att\u00e9nu\u00e9e en quantit\u00e9,&hellip;\n","protected":false},"author":2,"featured_media":158621,"comment_status":"","ping_status":"","sticky":false,"template":"","format":"standard","meta":{"footnotes":""},"categories":[1888],"tags":[1111,1928,11,1927,1777,674,1011,27,12,1926,626,1925,4020,25,104],"class_list":{"0":"post-158620","1":"post","2":"type-post","3":"status-publish","4":"format-standard","5":"has-post-thumbnail","7":"category-paris","8":"tag-actu","9":"tag-actu-paris","10":"tag-actualites","11":"tag-actualites-paris","12":"tag-eu","13":"tag-europe","14":"tag-fr","15":"tag-france","16":"tag-news","17":"tag-news-paris","18":"tag-paris","19":"tag-paris-news","20":"tag-religion","21":"tag-republique-francaise","22":"tag-societe"},"share_on_mastodon":{"url":"https:\/\/pubeurope.com\/@fr\/114642597055041487","error":""},"_links":{"self":[{"href":"https:\/\/www.europesays.com\/fr\/wp-json\/wp\/v2\/posts\/158620","targetHints":{"allow":["GET"]}}],"collection":[{"href":"https:\/\/www.europesays.com\/fr\/wp-json\/wp\/v2\/posts"}],"about":[{"href":"https:\/\/www.europesays.com\/fr\/wp-json\/wp\/v2\/types\/post"}],"author":[{"embeddable":true,"href":"https:\/\/www.europesays.com\/fr\/wp-json\/wp\/v2\/users\/2"}],"replies":[{"embeddable":true,"href":"https:\/\/www.europesays.com\/fr\/wp-json\/wp\/v2\/comments?post=158620"}],"version-history":[{"count":0,"href":"https:\/\/www.europesays.com\/fr\/wp-json\/wp\/v2\/posts\/158620\/revisions"}],"wp:featuredmedia":[{"embeddable":true,"href":"https:\/\/www.europesays.com\/fr\/wp-json\/wp\/v2\/media\/158621"}],"wp:attachment":[{"href":"https:\/\/www.europesays.com\/fr\/wp-json\/wp\/v2\/media?parent=158620"}],"wp:term":[{"taxonomy":"category","embeddable":true,"href":"https:\/\/www.europesays.com\/fr\/wp-json\/wp\/v2\/categories?post=158620"},{"taxonomy":"post_tag","embeddable":true,"href":"https:\/\/www.europesays.com\/fr\/wp-json\/wp\/v2\/tags?post=158620"}],"curies":[{"name":"wp","href":"https:\/\/api.w.org\/{rel}","templated":true}]}}